{"id":3500,"date":"2022-06-03T08:15:50","date_gmt":"2022-06-03T08:15:50","guid":{"rendered":"http:\/\/ilan.tavsanli.bel.tr\/?p=3500"},"modified":"2022-06-03T08:15:50","modified_gmt":"2022-06-03T08:15:50","slug":"3500","status":"publish","type":"post","link":"http:\/\/ilan.tavsanli.bel.tr\/index.php\/2022\/06\/03\/3500\/","title":{"rendered":""},"content":{"rendered":"\n<p>Merhum Abdullah Ekmek\u00e7i&#8217;nin o\u011flu, Kadir Kaplan&#8217;\u0131n kay\u0131npederi, Tav\u015fanl\u0131 Esnaflar\u0131ndan MEHMET SITKI EKMEK\u00c7\u0130 vefat etmi\u015ftir. Cenazesi Ulucamide k\u0131l\u0131nacak cuma namaz\u0131n\u0131 m\u00fcteakip Tav\u015fanl\u0131 mezarl\u0131\u011f\u0131na defnedilecektir. Merhuma Allah\u2019tan rahmet ailesine ve yak\u0131nlar\u0131na ba\u015fsa\u011fl\u0131\u011f\u0131 dileriz.<\/p>\n","protected":false},"excerpt":{"rendered":"<p>Merhum Abdullah Ekmek\u00e7i&#8217;nin o\u011flu, Kadir Kaplan&#8217;\u0131n kay\u0131npederi, Tav\u015fanl\u0131 Esnaflar\u0131ndan MEHMET SITKI EKMEK\u00c7\u0130 vefat etmi\u015ftir. Cenazesi Ulucamide k\u0131l\u0131nacak cuma namaz\u0131n\u0131 m\u00fcteakip Tav\u015fanl\u0131 mezarl\u0131\u011f\u0131na defnedilecektir. Merhuma Allah\u2019tan rahmet ailesine ve yak\u0131nlar\u0131na ba\u015fsa\u011fl\u0131\u011f\u0131 dileriz.<\/p>\n","protected":false},"author":5,"featured_media":0,"comment_status":"closed","ping_status":"","sticky":false,"template":"","format":"standard","meta":[],"categories":[2],"tags":[],"_links":{"self":[{"href":"http:\/\/ilan.tavsanli.bel.tr\/index.php\/wp-json\/wp\/v2\/posts\/3500"}],"collection":[{"href":"http:\/\/ilan.tavsanli.bel.tr\/index.php\/wp-json\/wp\/v2\/posts"}],"about":[{"href":"http:\/\/ilan.tavsanli.bel.tr\/index.php\/wp-json\/wp\/v2\/types\/post"}],"author":[{"embeddable":true,"href":"http:\/\/ilan.tavsanli.bel.tr\/index.php\/wp-json\/wp\/v2\/users\/5"}],"replies":[{"embeddable":true,"href":"http:\/\/ilan.tavsanli.bel.tr\/index.php\/wp-json\/wp\/v2\/comments?post=3500"}],"version-history":[{"count":1,"href":"http:\/\/ilan.tavsanli.bel.tr\/index.php\/wp-json\/wp\/v2\/posts\/3500\/revisions"}],"predecessor-version":[{"id":3501,"href":"http:\/\/ilan.tavsanli.bel.tr\/index.php\/wp-json\/wp\/v2\/posts\/3500\/revisions\/3501"}],"wp:attachment":[{"href":"http:\/\/ilan.tavsanli.bel.tr\/index.php\/wp-json\/wp\/v2\/media?parent=3500"}],"wp:term":[{"taxonomy":"category","embeddable":true,"href":"http:\/\/ilan.tavsanli.bel.tr\/index.php\/wp-json\/wp\/v2\/categories?post=3500"},{"taxonomy":"post_tag","embeddable":true,"href":"http:\/\/ilan.tavsanli.bel.tr\/index.php\/wp-json\/wp\/v2\/tags?post=3500"}],"curies":[{"name":"wp","href":"https:\/\/api.w.org\/{rel}","templated":true}]}}