{"id":3498,"date":"2022-06-02T08:18:26","date_gmt":"2022-06-02T08:18:26","guid":{"rendered":"http:\/\/ilan.tavsanli.bel.tr\/?p=3498"},"modified":"2022-06-02T08:18:26","modified_gmt":"2022-06-02T08:18:26","slug":"3498","status":"publish","type":"post","link":"http:\/\/ilan.tavsanli.bel.tr\/index.php\/2022\/06\/02\/3498\/","title":{"rendered":""},"content":{"rendered":"\n<p>Gediklerin Bekir Gedik&#8217;in o\u011flu, S\u00fcleyman Gedik&#8217;in abisi, Bekir Gedik&#8217;in babas\u0131, Cafer \u00d6zden&#8217;in kay\u0131npederi Halil Aksapl\u0131&#8217;n\u0131n kay\u0131nbiraderi, Sobac\u0131 HULUS\u0130 GED\u0130K vefat etmi\u015ftir. Cenazesi Ulucamide k\u0131l\u0131nacak \u00f6\u011fle namaz\u0131n\u0131 m\u00fcteakip Tav\u015fanl\u0131 mezarl\u0131\u011f\u0131na defnedilecektir. Merhuma Allah\u2019tan rahmet ailesine ve yak\u0131nlar\u0131na ba\u015fsa\u011fl\u0131\u011f\u0131 dileriz.<\/p>\n","protected":false},"excerpt":{"rendered":"<p>Gediklerin Bekir Gedik&#8217;in o\u011flu, S\u00fcleyman Gedik&#8217;in abisi, Bekir Gedik&#8217;in babas\u0131, Cafer \u00d6zden&#8217;in kay\u0131npederi Halil Aksapl\u0131&#8217;n\u0131n kay\u0131nbiraderi, Sobac\u0131 HULUS\u0130 GED\u0130K vefat etmi\u015ftir. Cenazesi Ulucamide k\u0131l\u0131nacak \u00f6\u011fle namaz\u0131n\u0131 m\u00fcteakip Tav\u015fanl\u0131 mezarl\u0131\u011f\u0131na defnedilecektir. Merhuma Allah\u2019tan rahmet ailesine ve yak\u0131nlar\u0131na ba\u015fsa\u011fl\u0131\u011f\u0131 dileriz.<\/p>\n","protected":false},"author":5,"featured_media":0,"comment_status":"closed","ping_status":"","sticky":false,"template":"","format":"standard","meta":[],"categories":[2],"tags":[],"_links":{"self":[{"href":"http:\/\/ilan.tavsanli.bel.tr\/index.php\/wp-json\/wp\/v2\/posts\/3498"}],"collection":[{"href":"http:\/\/ilan.tavsanli.bel.tr\/index.php\/wp-json\/wp\/v2\/posts"}],"about":[{"href":"http:\/\/ilan.tavsanli.bel.tr\/index.php\/wp-json\/wp\/v2\/types\/post"}],"author":[{"embeddable":true,"href":"http:\/\/ilan.tavsanli.bel.tr\/index.php\/wp-json\/wp\/v2\/users\/5"}],"replies":[{"embeddable":true,"href":"http:\/\/ilan.tavsanli.bel.tr\/index.php\/wp-json\/wp\/v2\/comments?post=3498"}],"version-history":[{"count":1,"href":"http:\/\/ilan.tavsanli.bel.tr\/index.php\/wp-json\/wp\/v2\/posts\/3498\/revisions"}],"predecessor-version":[{"id":3499,"href":"http:\/\/ilan.tavsanli.bel.tr\/index.php\/wp-json\/wp\/v2\/posts\/3498\/revisions\/3499"}],"wp:attachment":[{"href":"http:\/\/ilan.tavsanli.bel.tr\/index.php\/wp-json\/wp\/v2\/media?parent=3498"}],"wp:term":[{"taxonomy":"category","embeddable":true,"href":"http:\/\/ilan.tavsanli.bel.tr\/index.php\/wp-json\/wp\/v2\/categories?post=3498"},{"taxonomy":"post_tag","embeddable":true,"href":"http:\/\/ilan.tavsanli.bel.tr\/index.php\/wp-json\/wp\/v2\/tags?post=3498"}],"curies":[{"name":"wp","href":"https:\/\/api.w.org\/{rel}","templated":true}]}}