{"id":3494,"date":"2022-06-01T08:14:44","date_gmt":"2022-06-01T08:14:44","guid":{"rendered":"http:\/\/ilan.tavsanli.bel.tr\/?p=3494"},"modified":"2022-06-01T08:14:44","modified_gmt":"2022-06-01T08:14:44","slug":"3494","status":"publish","type":"post","link":"http:\/\/ilan.tavsanli.bel.tr\/index.php\/2022\/06\/01\/3494\/","title":{"rendered":""},"content":{"rendered":"\n<p>Emet E\u011frig\u00f6z k\u00f6y\u00fcnden Mustafa \u00d6\u011f\u00fct\u00e7\u00fc\u2019n\u00fcn babas\u0131, merhum Ahmet \u00d6zer\u2019in kay\u0131npederi, H\u00dcSEY\u0130N \u00d6\u011e\u00dcT\u00c7\u00dc vefat etmi\u015ftir. Cenazesi saat 12.00\u2019da Tav\u015fanl\u0131 mezarl\u0131\u011f\u0131na defnedilecektir. Merhuma Allah\u2019tan rahmet ailesine ve yak\u0131nlar\u0131na ba\u015fsa\u011fl\u0131\u011f\u0131 dileriz<\/p>\n","protected":false},"excerpt":{"rendered":"<p>Emet E\u011frig\u00f6z k\u00f6y\u00fcnden Mustafa \u00d6\u011f\u00fct\u00e7\u00fc\u2019n\u00fcn babas\u0131, merhum Ahmet \u00d6zer\u2019in kay\u0131npederi, H\u00dcSEY\u0130N \u00d6\u011e\u00dcT\u00c7\u00dc vefat etmi\u015ftir. Cenazesi saat 12.00\u2019da Tav\u015fanl\u0131 mezarl\u0131\u011f\u0131na defnedilecektir. Merhuma Allah\u2019tan rahmet ailesine ve yak\u0131nlar\u0131na ba\u015fsa\u011fl\u0131\u011f\u0131 dileriz<\/p>\n","protected":false},"author":5,"featured_media":0,"comment_status":"closed","ping_status":"","sticky":false,"template":"","format":"standard","meta":[],"categories":[2],"tags":[],"_links":{"self":[{"href":"http:\/\/ilan.tavsanli.bel.tr\/index.php\/wp-json\/wp\/v2\/posts\/3494"}],"collection":[{"href":"http:\/\/ilan.tavsanli.bel.tr\/index.php\/wp-json\/wp\/v2\/posts"}],"about":[{"href":"http:\/\/ilan.tavsanli.bel.tr\/index.php\/wp-json\/wp\/v2\/types\/post"}],"author":[{"embeddable":true,"href":"http:\/\/ilan.tavsanli.bel.tr\/index.php\/wp-json\/wp\/v2\/users\/5"}],"replies":[{"embeddable":true,"href":"http:\/\/ilan.tavsanli.bel.tr\/index.php\/wp-json\/wp\/v2\/comments?post=3494"}],"version-history":[{"count":1,"href":"http:\/\/ilan.tavsanli.bel.tr\/index.php\/wp-json\/wp\/v2\/posts\/3494\/revisions"}],"predecessor-version":[{"id":3495,"href":"http:\/\/ilan.tavsanli.bel.tr\/index.php\/wp-json\/wp\/v2\/posts\/3494\/revisions\/3495"}],"wp:attachment":[{"href":"http:\/\/ilan.tavsanli.bel.tr\/index.php\/wp-json\/wp\/v2\/media?parent=3494"}],"wp:term":[{"taxonomy":"category","embeddable":true,"href":"http:\/\/ilan.tavsanli.bel.tr\/index.php\/wp-json\/wp\/v2\/categories?post=3494"},{"taxonomy":"post_tag","embeddable":true,"href":"http:\/\/ilan.tavsanli.bel.tr\/index.php\/wp-json\/wp\/v2\/tags?post=3494"}],"curies":[{"name":"wp","href":"https:\/\/api.w.org\/{rel}","templated":true}]}}