{"id":3492,"date":"2022-06-01T08:14:23","date_gmt":"2022-06-01T08:14:23","guid":{"rendered":"http:\/\/ilan.tavsanli.bel.tr\/?p=3492"},"modified":"2022-06-01T08:14:23","modified_gmt":"2022-06-01T08:14:23","slug":"3492","status":"publish","type":"post","link":"http:\/\/ilan.tavsanli.bel.tr\/index.php\/2022\/06\/01\/3492\/","title":{"rendered":""},"content":{"rendered":"\n<p>G\u00fcnl\u00fcce k\u00f6y\u00fcnden merhum \u0130brahim Benli\u2019nin e\u015fi, Metin Sa\u011flam, merhum H\u00fcseyin Ko\u00e7 ve merhum \u0130smail Da\u011f\u0131stan\u2019\u0131n kay\u0131nvalidesi, FATMA BENL\u0130 vefat etmi\u015ftir. Cenazesi \u00f6\u011fle namaz\u0131n\u0131 m\u00fcteakip G\u00fcnl\u00fcce k\u00f6y\u00fc mezarl\u0131\u011f\u0131na defnedilecektir. Merhumeye Allah\u2019tan rahmet ailesine ve yak\u0131nlar\u0131na ba\u015fsa\u011fl\u0131\u011f\u0131 dileriz.<\/p>\n","protected":false},"excerpt":{"rendered":"<p>G\u00fcnl\u00fcce k\u00f6y\u00fcnden merhum \u0130brahim Benli\u2019nin e\u015fi, Metin Sa\u011flam, merhum H\u00fcseyin Ko\u00e7 ve merhum \u0130smail Da\u011f\u0131stan\u2019\u0131n kay\u0131nvalidesi, FATMA BENL\u0130 vefat etmi\u015ftir. Cenazesi \u00f6\u011fle namaz\u0131n\u0131 m\u00fcteakip G\u00fcnl\u00fcce k\u00f6y\u00fc mezarl\u0131\u011f\u0131na defnedilecektir. Merhumeye Allah\u2019tan rahmet ailesine ve yak\u0131nlar\u0131na ba\u015fsa\u011fl\u0131\u011f\u0131 dileriz.<\/p>\n","protected":false},"author":5,"featured_media":0,"comment_status":"closed","ping_status":"","sticky":false,"template":"","format":"standard","meta":[],"categories":[2],"tags":[],"_links":{"self":[{"href":"http:\/\/ilan.tavsanli.bel.tr\/index.php\/wp-json\/wp\/v2\/posts\/3492"}],"collection":[{"href":"http:\/\/ilan.tavsanli.bel.tr\/index.php\/wp-json\/wp\/v2\/posts"}],"about":[{"href":"http:\/\/ilan.tavsanli.bel.tr\/index.php\/wp-json\/wp\/v2\/types\/post"}],"author":[{"embeddable":true,"href":"http:\/\/ilan.tavsanli.bel.tr\/index.php\/wp-json\/wp\/v2\/users\/5"}],"replies":[{"embeddable":true,"href":"http:\/\/ilan.tavsanli.bel.tr\/index.php\/wp-json\/wp\/v2\/comments?post=3492"}],"version-history":[{"count":1,"href":"http:\/\/ilan.tavsanli.bel.tr\/index.php\/wp-json\/wp\/v2\/posts\/3492\/revisions"}],"predecessor-version":[{"id":3493,"href":"http:\/\/ilan.tavsanli.bel.tr\/index.php\/wp-json\/wp\/v2\/posts\/3492\/revisions\/3493"}],"wp:attachment":[{"href":"http:\/\/ilan.tavsanli.bel.tr\/index.php\/wp-json\/wp\/v2\/media?parent=3492"}],"wp:term":[{"taxonomy":"category","embeddable":true,"href":"http:\/\/ilan.tavsanli.bel.tr\/index.php\/wp-json\/wp\/v2\/categories?post=3492"},{"taxonomy":"post_tag","embeddable":true,"href":"http:\/\/ilan.tavsanli.bel.tr\/index.php\/wp-json\/wp\/v2\/tags?post=3492"}],"curies":[{"name":"wp","href":"https:\/\/api.w.org\/{rel}","templated":true}]}}