{"id":3360,"date":"2022-04-29T13:33:00","date_gmt":"2022-04-29T13:33:00","guid":{"rendered":"http:\/\/ilan.tavsanli.bel.tr\/?p=3360"},"modified":"2022-04-29T13:33:00","modified_gmt":"2022-04-29T13:33:00","slug":"3360","status":"publish","type":"post","link":"http:\/\/ilan.tavsanli.bel.tr\/index.php\/2022\/04\/29\/3360\/","title":{"rendered":""},"content":{"rendered":"\n<p>Seher Ko\u00e7\u2019un e\u015fi, Sevim Do\u011fan ve Selime M\u0131s\u0131r\u2019\u0131n babas\u0131, Musa Ko\u00e7\u2019un karde\u015fi Tun\u00e7bilek Termik emekli i\u015f\u00e7ilerinden KAZIM KO\u00c7 vefat etmi\u015ftir. Cenazesi K\u00fctahya Medine M\u00fcnevvere Camii\u2019de k\u0131l\u0131nacak ikindi namaz\u0131n\u0131 m\u00fcteakip K\u00fctahya Evliya \u00c7elebi Mezarl\u0131\u011f\u0131\u2019na defnedilecektir. Merhuma Allah\u2019tan rahmet ailesine ve yak\u0131nlar\u0131na ba\u015fsa\u011fl\u0131\u011f\u0131 dileriz.<\/p>\n\n\n\n<p><\/p>\n","protected":false},"excerpt":{"rendered":"<p>Seher Ko\u00e7\u2019un e\u015fi, Sevim Do\u011fan ve Selime M\u0131s\u0131r\u2019\u0131n babas\u0131, Musa Ko\u00e7\u2019un karde\u015fi Tun\u00e7bilek Termik emekli i\u015f\u00e7ilerinden KAZIM KO\u00c7 vefat etmi\u015ftir. Cenazesi K\u00fctahya Medine M\u00fcnevvere Camii\u2019de k\u0131l\u0131nacak ikindi namaz\u0131n\u0131 m\u00fcteakip K\u00fctahya Evliya \u00c7elebi Mezarl\u0131\u011f\u0131\u2019na defnedilecektir. Merhuma Allah\u2019tan rahmet ailesine ve yak\u0131nlar\u0131na ba\u015fsa\u011fl\u0131\u011f\u0131 dileriz.<\/p>\n","protected":false},"author":5,"featured_media":0,"comment_status":"closed","ping_status":"","sticky":false,"template":"","format":"standard","meta":[],"categories":[2],"tags":[],"_links":{"self":[{"href":"http:\/\/ilan.tavsanli.bel.tr\/index.php\/wp-json\/wp\/v2\/posts\/3360"}],"collection":[{"href":"http:\/\/ilan.tavsanli.bel.tr\/index.php\/wp-json\/wp\/v2\/posts"}],"about":[{"href":"http:\/\/ilan.tavsanli.bel.tr\/index.php\/wp-json\/wp\/v2\/types\/post"}],"author":[{"embeddable":true,"href":"http:\/\/ilan.tavsanli.bel.tr\/index.php\/wp-json\/wp\/v2\/users\/5"}],"replies":[{"embeddable":true,"href":"http:\/\/ilan.tavsanli.bel.tr\/index.php\/wp-json\/wp\/v2\/comments?post=3360"}],"version-history":[{"count":1,"href":"http:\/\/ilan.tavsanli.bel.tr\/index.php\/wp-json\/wp\/v2\/posts\/3360\/revisions"}],"predecessor-version":[{"id":3361,"href":"http:\/\/ilan.tavsanli.bel.tr\/index.php\/wp-json\/wp\/v2\/posts\/3360\/revisions\/3361"}],"wp:attachment":[{"href":"http:\/\/ilan.tavsanli.bel.tr\/index.php\/wp-json\/wp\/v2\/media?parent=3360"}],"wp:term":[{"taxonomy":"category","embeddable":true,"href":"http:\/\/ilan.tavsanli.bel.tr\/index.php\/wp-json\/wp\/v2\/categories?post=3360"},{"taxonomy":"post_tag","embeddable":true,"href":"http:\/\/ilan.tavsanli.bel.tr\/index.php\/wp-json\/wp\/v2\/tags?post=3360"}],"curies":[{"name":"wp","href":"https:\/\/api.w.org\/{rel}","templated":true}]}}