{"id":333,"date":"2020-11-10T10:57:52","date_gmt":"2020-11-10T10:57:52","guid":{"rendered":"http:\/\/ilan.tavsanli.bel.tr\/?p=333"},"modified":"2020-11-10T10:57:52","modified_gmt":"2020-11-10T10:57:52","slug":"333","status":"publish","type":"post","link":"http:\/\/ilan.tavsanli.bel.tr\/index.php\/2020\/11\/10\/333\/","title":{"rendered":""},"content":{"rendered":"\n<p>D\u00f6nd\u00fc Op\u00e7in\u2019in e\u015fi Ahmet, Sultan, \u015eenay, Filiz ve Y\u0131ld\u0131ray Op\u00e7in\u2019in babalar\u0131 Bahattin Yayvu, H\u00fcseyin Mavi ve Ali \u015eeran\u2019\u0131n kay\u0131npederi Muhittin OP\u00c7\u0130N vefat etmi\u015ftir. Cenazesi Saat:14.00 de Tav\u015fanl\u0131 mezarl\u0131\u011f\u0131na defnedilecektir. Merhuma Allah\u2019tan rahmet, ailesi ve yak\u0131nlar\u0131na ba\u015fsa\u011fl\u0131\u011f\u0131 dileriz.<\/p>\n","protected":false},"excerpt":{"rendered":"<p>D\u00f6nd\u00fc Op\u00e7in\u2019in e\u015fi Ahmet, Sultan, \u015eenay, Filiz ve Y\u0131ld\u0131ray Op\u00e7in\u2019in babalar\u0131 Bahattin Yayvu, H\u00fcseyin Mavi ve Ali \u015eeran\u2019\u0131n kay\u0131npederi Muhittin OP\u00c7\u0130N vefat etmi\u015ftir. Cenazesi Saat:14.00 de Tav\u015fanl\u0131 mezarl\u0131\u011f\u0131na defnedilecektir. Merhuma Allah\u2019tan rahmet, ailesi ve yak\u0131nlar\u0131na ba\u015fsa\u011fl\u0131\u011f\u0131 dileriz.<\/p>\n","protected":false},"author":4,"featured_media":0,"comment_status":"closed","ping_status":"","sticky":false,"template":"","format":"standard","meta":[],"categories":[2],"tags":[],"_links":{"self":[{"href":"http:\/\/ilan.tavsanli.bel.tr\/index.php\/wp-json\/wp\/v2\/posts\/333"}],"collection":[{"href":"http:\/\/ilan.tavsanli.bel.tr\/index.php\/wp-json\/wp\/v2\/posts"}],"about":[{"href":"http:\/\/ilan.tavsanli.bel.tr\/index.php\/wp-json\/wp\/v2\/types\/post"}],"author":[{"embeddable":true,"href":"http:\/\/ilan.tavsanli.bel.tr\/index.php\/wp-json\/wp\/v2\/users\/4"}],"replies":[{"embeddable":true,"href":"http:\/\/ilan.tavsanli.bel.tr\/index.php\/wp-json\/wp\/v2\/comments?post=333"}],"version-history":[{"count":1,"href":"http:\/\/ilan.tavsanli.bel.tr\/index.php\/wp-json\/wp\/v2\/posts\/333\/revisions"}],"predecessor-version":[{"id":334,"href":"http:\/\/ilan.tavsanli.bel.tr\/index.php\/wp-json\/wp\/v2\/posts\/333\/revisions\/334"}],"wp:attachment":[{"href":"http:\/\/ilan.tavsanli.bel.tr\/index.php\/wp-json\/wp\/v2\/media?parent=333"}],"wp:term":[{"taxonomy":"category","embeddable":true,"href":"http:\/\/ilan.tavsanli.bel.tr\/index.php\/wp-json\/wp\/v2\/categories?post=333"},{"taxonomy":"post_tag","embeddable":true,"href":"http:\/\/ilan.tavsanli.bel.tr\/index.php\/wp-json\/wp\/v2\/tags?post=333"}],"curies":[{"name":"wp","href":"https:\/\/api.w.org\/{rel}","templated":true}]}}