{"id":3324,"date":"2022-04-21T11:05:25","date_gmt":"2022-04-21T11:05:25","guid":{"rendered":"http:\/\/ilan.tavsanli.bel.tr\/?p=3324"},"modified":"2022-04-21T11:05:25","modified_gmt":"2022-04-21T11:05:25","slug":"3324","status":"publish","type":"post","link":"http:\/\/ilan.tavsanli.bel.tr\/index.php\/2022\/04\/21\/3324\/","title":{"rendered":""},"content":{"rendered":"\n<p>Emet G\u00fcnl\u00fcce k\u00f6y\u00fcnden merhum \u0130brahim Yavuz\u2019un e\u015fi, Yusuf, \u00dcmmet ve Adem Yavuz\u2019un anneleri, merhum Ali Ak\u00e7a\u2019n\u0131n k\u0131z karde\u015fi, EM\u0130NE YAVUZ vefat etmi\u015ftir. Cenazesi han\u0131m\u00e7e\u015fme camisinde k\u0131l\u0131nacak ikindi namaz\u0131n\u0131 m\u00fcteakip Tav\u015fanl\u0131 mezarl\u0131\u011f\u0131na defnedilecektir. Merhumeye Allah\u2019tan rahmet ailesine ve yak\u0131nlar\u0131na ba\u015fsa\u011fl\u0131\u011f\u0131 dileriz.<\/p>\n","protected":false},"excerpt":{"rendered":"<p>Emet G\u00fcnl\u00fcce k\u00f6y\u00fcnden merhum \u0130brahim Yavuz\u2019un e\u015fi, Yusuf, \u00dcmmet ve Adem Yavuz\u2019un anneleri, merhum Ali Ak\u00e7a\u2019n\u0131n k\u0131z karde\u015fi, EM\u0130NE YAVUZ vefat etmi\u015ftir. Cenazesi han\u0131m\u00e7e\u015fme camisinde k\u0131l\u0131nacak ikindi namaz\u0131n\u0131 m\u00fcteakip Tav\u015fanl\u0131 mezarl\u0131\u011f\u0131na defnedilecektir. Merhumeye Allah\u2019tan rahmet ailesine ve yak\u0131nlar\u0131na ba\u015fsa\u011fl\u0131\u011f\u0131 dileriz.<\/p>\n","protected":false},"author":5,"featured_media":0,"comment_status":"closed","ping_status":"","sticky":false,"template":"","format":"standard","meta":[],"categories":[2],"tags":[],"_links":{"self":[{"href":"http:\/\/ilan.tavsanli.bel.tr\/index.php\/wp-json\/wp\/v2\/posts\/3324"}],"collection":[{"href":"http:\/\/ilan.tavsanli.bel.tr\/index.php\/wp-json\/wp\/v2\/posts"}],"about":[{"href":"http:\/\/ilan.tavsanli.bel.tr\/index.php\/wp-json\/wp\/v2\/types\/post"}],"author":[{"embeddable":true,"href":"http:\/\/ilan.tavsanli.bel.tr\/index.php\/wp-json\/wp\/v2\/users\/5"}],"replies":[{"embeddable":true,"href":"http:\/\/ilan.tavsanli.bel.tr\/index.php\/wp-json\/wp\/v2\/comments?post=3324"}],"version-history":[{"count":1,"href":"http:\/\/ilan.tavsanli.bel.tr\/index.php\/wp-json\/wp\/v2\/posts\/3324\/revisions"}],"predecessor-version":[{"id":3325,"href":"http:\/\/ilan.tavsanli.bel.tr\/index.php\/wp-json\/wp\/v2\/posts\/3324\/revisions\/3325"}],"wp:attachment":[{"href":"http:\/\/ilan.tavsanli.bel.tr\/index.php\/wp-json\/wp\/v2\/media?parent=3324"}],"wp:term":[{"taxonomy":"category","embeddable":true,"href":"http:\/\/ilan.tavsanli.bel.tr\/index.php\/wp-json\/wp\/v2\/categories?post=3324"},{"taxonomy":"post_tag","embeddable":true,"href":"http:\/\/ilan.tavsanli.bel.tr\/index.php\/wp-json\/wp\/v2\/tags?post=3324"}],"curies":[{"name":"wp","href":"https:\/\/api.w.org\/{rel}","templated":true}]}}