{"id":331,"date":"2020-11-10T10:57:25","date_gmt":"2020-11-10T10:57:25","guid":{"rendered":"http:\/\/ilan.tavsanli.bel.tr\/?p=331"},"modified":"2020-11-10T10:57:25","modified_gmt":"2020-11-10T10:57:25","slug":"331","status":"publish","type":"post","link":"http:\/\/ilan.tavsanli.bel.tr\/index.php\/2020\/11\/10\/331\/","title":{"rendered":""},"content":{"rendered":"\n<p>Domani\u00e7 Seydikuzu k\u00f6y\u00fcnden Ahmet Efe\u2019nin e\u015fi Bekir Efe ve Belediyemizin Temizlik i\u015flerinde \u00e7al\u0131\u015fan Metin Efe\u2019nin annesi G\u00f6k\u00e7eyurt k\u00f6y\u00fcnden in\u015faat i\u015f\u00e7isi Ali KOCA\u2019n\u0131n kay\u0131nvalidesi Ay\u015fe EFE vefat etmi\u015ftir. Cenazesi Saat:13.00 de Tav\u015fanl\u0131 mezarl\u0131\u011f\u0131na defnedilecektir. Merhumeye Allah\u2019tan rahmet, ailesi ve yak\u0131nlar\u0131na ba\u015fsa\u011fl\u0131\u011f\u0131 dileriz.<\/p>\n","protected":false},"excerpt":{"rendered":"<p>Domani\u00e7 Seydikuzu k\u00f6y\u00fcnden Ahmet Efe\u2019nin e\u015fi Bekir Efe ve Belediyemizin Temizlik i\u015flerinde \u00e7al\u0131\u015fan Metin Efe\u2019nin annesi G\u00f6k\u00e7eyurt k\u00f6y\u00fcnden in\u015faat i\u015f\u00e7isi Ali KOCA\u2019n\u0131n kay\u0131nvalidesi Ay\u015fe EFE vefat etmi\u015ftir. Cenazesi Saat:13.00 de Tav\u015fanl\u0131 mezarl\u0131\u011f\u0131na defnedilecektir. Merhumeye Allah\u2019tan rahmet, ailesi ve yak\u0131nlar\u0131na ba\u015fsa\u011fl\u0131\u011f\u0131 dileriz.<\/p>\n","protected":false},"author":4,"featured_media":0,"comment_status":"closed","ping_status":"","sticky":false,"template":"","format":"standard","meta":[],"categories":[2],"tags":[],"_links":{"self":[{"href":"http:\/\/ilan.tavsanli.bel.tr\/index.php\/wp-json\/wp\/v2\/posts\/331"}],"collection":[{"href":"http:\/\/ilan.tavsanli.bel.tr\/index.php\/wp-json\/wp\/v2\/posts"}],"about":[{"href":"http:\/\/ilan.tavsanli.bel.tr\/index.php\/wp-json\/wp\/v2\/types\/post"}],"author":[{"embeddable":true,"href":"http:\/\/ilan.tavsanli.bel.tr\/index.php\/wp-json\/wp\/v2\/users\/4"}],"replies":[{"embeddable":true,"href":"http:\/\/ilan.tavsanli.bel.tr\/index.php\/wp-json\/wp\/v2\/comments?post=331"}],"version-history":[{"count":1,"href":"http:\/\/ilan.tavsanli.bel.tr\/index.php\/wp-json\/wp\/v2\/posts\/331\/revisions"}],"predecessor-version":[{"id":332,"href":"http:\/\/ilan.tavsanli.bel.tr\/index.php\/wp-json\/wp\/v2\/posts\/331\/revisions\/332"}],"wp:attachment":[{"href":"http:\/\/ilan.tavsanli.bel.tr\/index.php\/wp-json\/wp\/v2\/media?parent=331"}],"wp:term":[{"taxonomy":"category","embeddable":true,"href":"http:\/\/ilan.tavsanli.bel.tr\/index.php\/wp-json\/wp\/v2\/categories?post=331"},{"taxonomy":"post_tag","embeddable":true,"href":"http:\/\/ilan.tavsanli.bel.tr\/index.php\/wp-json\/wp\/v2\/tags?post=331"}],"curies":[{"name":"wp","href":"https:\/\/api.w.org\/{rel}","templated":true}]}}