{"id":325,"date":"2020-11-10T10:56:28","date_gmt":"2020-11-10T10:56:28","guid":{"rendered":"http:\/\/ilan.tavsanli.bel.tr\/?p=325"},"modified":"2020-11-10T10:56:28","modified_gmt":"2020-11-10T10:56:28","slug":"325","status":"publish","type":"post","link":"http:\/\/ilan.tavsanli.bel.tr\/index.php\/2020\/11\/10\/325\/","title":{"rendered":""},"content":{"rendered":"\n<p> Merhum Hac\u0131 Camal G\u00fcre\u2019nin o\u011flu H\u0131fz\u0131 G\u00fcre\u2019nin a\u011fabeyi S\u00fcleyman ve Cemal G\u00fcre\u2019nin babalar\u0131 Recep Kahraman\u2019\u0131n kay\u0131npederi Mustafa Ersoy\u2019un eni\u015ftesi \u00a0Zeynel Korkmaz\u2019\u0131n kay\u0131nbiraderi R\u0131za G\u00dcRE vefat etmi\u015ftir. Cenazesi \u00f6\u011fle namaz\u0131na m\u00fcteakip \u00e7ukurk\u00f6y mahallesi mezarl\u0131\u011f\u0131na defnedilecektir. Merhuma Allah\u2019tan rahmet, ailesi ve yak\u0131nlar\u0131na ba\u015fsa\u011fl\u0131\u011f\u0131 dileriz.<\/p>\n","protected":false},"excerpt":{"rendered":"<p>Merhum Hac\u0131 Camal G\u00fcre\u2019nin o\u011flu H\u0131fz\u0131 G\u00fcre\u2019nin a\u011fabeyi S\u00fcleyman ve Cemal G\u00fcre\u2019nin babalar\u0131 Recep Kahraman\u2019\u0131n kay\u0131npederi Mustafa Ersoy\u2019un eni\u015ftesi \u00a0Zeynel Korkmaz\u2019\u0131n kay\u0131nbiraderi R\u0131za G\u00dcRE vefat etmi\u015ftir. Cenazesi \u00f6\u011fle namaz\u0131na m\u00fcteakip \u00e7ukurk\u00f6y mahallesi mezarl\u0131\u011f\u0131na defnedilecektir. Merhuma Allah\u2019tan rahmet, ailesi ve yak\u0131nlar\u0131na ba\u015fsa\u011fl\u0131\u011f\u0131 dileriz.<\/p>\n","protected":false},"author":4,"featured_media":0,"comment_status":"closed","ping_status":"","sticky":false,"template":"","format":"standard","meta":[],"categories":[2],"tags":[],"_links":{"self":[{"href":"http:\/\/ilan.tavsanli.bel.tr\/index.php\/wp-json\/wp\/v2\/posts\/325"}],"collection":[{"href":"http:\/\/ilan.tavsanli.bel.tr\/index.php\/wp-json\/wp\/v2\/posts"}],"about":[{"href":"http:\/\/ilan.tavsanli.bel.tr\/index.php\/wp-json\/wp\/v2\/types\/post"}],"author":[{"embeddable":true,"href":"http:\/\/ilan.tavsanli.bel.tr\/index.php\/wp-json\/wp\/v2\/users\/4"}],"replies":[{"embeddable":true,"href":"http:\/\/ilan.tavsanli.bel.tr\/index.php\/wp-json\/wp\/v2\/comments?post=325"}],"version-history":[{"count":1,"href":"http:\/\/ilan.tavsanli.bel.tr\/index.php\/wp-json\/wp\/v2\/posts\/325\/revisions"}],"predecessor-version":[{"id":326,"href":"http:\/\/ilan.tavsanli.bel.tr\/index.php\/wp-json\/wp\/v2\/posts\/325\/revisions\/326"}],"wp:attachment":[{"href":"http:\/\/ilan.tavsanli.bel.tr\/index.php\/wp-json\/wp\/v2\/media?parent=325"}],"wp:term":[{"taxonomy":"category","embeddable":true,"href":"http:\/\/ilan.tavsanli.bel.tr\/index.php\/wp-json\/wp\/v2\/categories?post=325"},{"taxonomy":"post_tag","embeddable":true,"href":"http:\/\/ilan.tavsanli.bel.tr\/index.php\/wp-json\/wp\/v2\/tags?post=325"}],"curies":[{"name":"wp","href":"https:\/\/api.w.org\/{rel}","templated":true}]}}