{"id":323,"date":"2020-11-09T08:05:12","date_gmt":"2020-11-09T08:05:12","guid":{"rendered":"http:\/\/ilan.tavsanli.bel.tr\/?p=323"},"modified":"2020-11-09T08:05:23","modified_gmt":"2020-11-09T08:05:23","slug":"323","status":"publish","type":"post","link":"http:\/\/ilan.tavsanli.bel.tr\/index.php\/2020\/11\/09\/323\/","title":{"rendered":""},"content":{"rendered":"\n<p>A\u011fa k\u00f6yl\u00fc merhum Mustafa Kaya\u2019n\u0131n e\u015fi Mehmet, Makbule ve merhum Sait Kaya\u2019n\u0131n anneleri Merhum Ahmet Tek\u2019in kay\u0131nvalidesi Habibe KAYA vefat etmi\u015ftir. Cenazesi Saat:12.00 de Tav\u015fanl\u0131 Mezarl\u0131\u011f\u0131na defnedilecektir. Merhumeye Allah\u2019tan rahmet, ailesi ve yak\u0131nlar\u0131na ba\u015fsa\u011fl\u0131\u011f\u0131 dileriz.<\/p>\n","protected":false},"excerpt":{"rendered":"<p>A\u011fa k\u00f6yl\u00fc merhum Mustafa Kaya\u2019n\u0131n e\u015fi Mehmet, Makbule ve merhum Sait Kaya\u2019n\u0131n anneleri Merhum Ahmet Tek\u2019in kay\u0131nvalidesi Habibe KAYA vefat etmi\u015ftir. Cenazesi Saat:12.00 de Tav\u015fanl\u0131 Mezarl\u0131\u011f\u0131na defnedilecektir. Merhumeye Allah\u2019tan rahmet, ailesi ve yak\u0131nlar\u0131na ba\u015fsa\u011fl\u0131\u011f\u0131 dileriz.<\/p>\n","protected":false},"author":4,"featured_media":0,"comment_status":"closed","ping_status":"","sticky":false,"template":"","format":"standard","meta":[],"categories":[2],"tags":[],"_links":{"self":[{"href":"http:\/\/ilan.tavsanli.bel.tr\/index.php\/wp-json\/wp\/v2\/posts\/323"}],"collection":[{"href":"http:\/\/ilan.tavsanli.bel.tr\/index.php\/wp-json\/wp\/v2\/posts"}],"about":[{"href":"http:\/\/ilan.tavsanli.bel.tr\/index.php\/wp-json\/wp\/v2\/types\/post"}],"author":[{"embeddable":true,"href":"http:\/\/ilan.tavsanli.bel.tr\/index.php\/wp-json\/wp\/v2\/users\/4"}],"replies":[{"embeddable":true,"href":"http:\/\/ilan.tavsanli.bel.tr\/index.php\/wp-json\/wp\/v2\/comments?post=323"}],"version-history":[{"count":1,"href":"http:\/\/ilan.tavsanli.bel.tr\/index.php\/wp-json\/wp\/v2\/posts\/323\/revisions"}],"predecessor-version":[{"id":324,"href":"http:\/\/ilan.tavsanli.bel.tr\/index.php\/wp-json\/wp\/v2\/posts\/323\/revisions\/324"}],"wp:attachment":[{"href":"http:\/\/ilan.tavsanli.bel.tr\/index.php\/wp-json\/wp\/v2\/media?parent=323"}],"wp:term":[{"taxonomy":"category","embeddable":true,"href":"http:\/\/ilan.tavsanli.bel.tr\/index.php\/wp-json\/wp\/v2\/categories?post=323"},{"taxonomy":"post_tag","embeddable":true,"href":"http:\/\/ilan.tavsanli.bel.tr\/index.php\/wp-json\/wp\/v2\/tags?post=323"}],"curies":[{"name":"wp","href":"https:\/\/api.w.org\/{rel}","templated":true}]}}