{"id":3189,"date":"2022-03-15T11:05:47","date_gmt":"2022-03-15T11:05:47","guid":{"rendered":"http:\/\/ilan.tavsanli.bel.tr\/?p=3189"},"modified":"2022-03-15T11:05:47","modified_gmt":"2022-03-15T11:05:47","slug":"3189","status":"publish","type":"post","link":"http:\/\/ilan.tavsanli.bel.tr\/index.php\/2022\/03\/15\/3189\/","title":{"rendered":""},"content":{"rendered":"\n<p><strong>Ak\u00e7a\u015fehir k\u00f6y\u00fcnden merhum Sad\u0131k \u0130nci&#8217;nin o\u011flu, Tevfik, \u015eerafettin, Hayrettin ve Hidayet \u0130nci&#8217;nin babalar\u0131, AL\u0130 \u0130NC\u0130 vefat etmi\u015ftir. Cenazesi Esentepe Camisinde k\u0131l\u0131nacak ikindi namaz\u0131n\u0131 m\u00fcteakip \u00e7ukurk\u00f6y mahallesi mezarl\u0131\u011f\u0131na defnedilecektir. Merhuma Allah\u2019tan rahmet ailesine ve yak\u0131nlar\u0131na ba\u015fsa\u011fl\u0131\u011f\u0131 dileriz.<\/strong><\/p>\n","protected":false},"excerpt":{"rendered":"<p>Ak\u00e7a\u015fehir k\u00f6y\u00fcnden merhum Sad\u0131k \u0130nci&#8217;nin o\u011flu, Tevfik, \u015eerafettin, Hayrettin ve Hidayet \u0130nci&#8217;nin babalar\u0131, AL\u0130 \u0130NC\u0130 vefat etmi\u015ftir. Cenazesi Esentepe Camisinde k\u0131l\u0131nacak ikindi namaz\u0131n\u0131 m\u00fcteakip \u00e7ukurk\u00f6y mahallesi mezarl\u0131\u011f\u0131na defnedilecektir. Merhuma Allah\u2019tan rahmet ailesine ve yak\u0131nlar\u0131na ba\u015fsa\u011fl\u0131\u011f\u0131 dileriz.<\/p>\n","protected":false},"author":5,"featured_media":0,"comment_status":"closed","ping_status":"","sticky":false,"template":"","format":"standard","meta":[],"categories":[2],"tags":[],"_links":{"self":[{"href":"http:\/\/ilan.tavsanli.bel.tr\/index.php\/wp-json\/wp\/v2\/posts\/3189"}],"collection":[{"href":"http:\/\/ilan.tavsanli.bel.tr\/index.php\/wp-json\/wp\/v2\/posts"}],"about":[{"href":"http:\/\/ilan.tavsanli.bel.tr\/index.php\/wp-json\/wp\/v2\/types\/post"}],"author":[{"embeddable":true,"href":"http:\/\/ilan.tavsanli.bel.tr\/index.php\/wp-json\/wp\/v2\/users\/5"}],"replies":[{"embeddable":true,"href":"http:\/\/ilan.tavsanli.bel.tr\/index.php\/wp-json\/wp\/v2\/comments?post=3189"}],"version-history":[{"count":1,"href":"http:\/\/ilan.tavsanli.bel.tr\/index.php\/wp-json\/wp\/v2\/posts\/3189\/revisions"}],"predecessor-version":[{"id":3190,"href":"http:\/\/ilan.tavsanli.bel.tr\/index.php\/wp-json\/wp\/v2\/posts\/3189\/revisions\/3190"}],"wp:attachment":[{"href":"http:\/\/ilan.tavsanli.bel.tr\/index.php\/wp-json\/wp\/v2\/media?parent=3189"}],"wp:term":[{"taxonomy":"category","embeddable":true,"href":"http:\/\/ilan.tavsanli.bel.tr\/index.php\/wp-json\/wp\/v2\/categories?post=3189"},{"taxonomy":"post_tag","embeddable":true,"href":"http:\/\/ilan.tavsanli.bel.tr\/index.php\/wp-json\/wp\/v2\/tags?post=3189"}],"curies":[{"name":"wp","href":"https:\/\/api.w.org\/{rel}","templated":true}]}}