{"id":318,"date":"2020-11-09T06:26:29","date_gmt":"2020-11-09T06:26:29","guid":{"rendered":"http:\/\/ilan.tavsanli.bel.tr\/?p=318"},"modified":"2020-11-09T06:26:29","modified_gmt":"2020-11-09T06:26:29","slug":"318","status":"publish","type":"post","link":"http:\/\/ilan.tavsanli.bel.tr\/index.php\/2020\/11\/09\/318\/","title":{"rendered":""},"content":{"rendered":"\n<p>08.11.2020 PAZAR<\/p>\n\n\n\n<p>***\u00c7ukurk\u00f6y mahallesinden merhum Himmet Deniz\u2019in o\u011flu Ahmet Deniz\u2019in karde\u015fi \u0130smail ve \u0130lyas Deniz\u2019in babalar\u0131 merhum Hasan H\u00fcseyin Erta\u015f\u2019\u0131n kay\u0131npederi Hac\u0131 S\u00fcleyman DEN\u0130Z vefat etmi\u015ftir. Cenazesi \u00f6\u011fle namaz\u0131na m\u00fcteakip \u00c7ukurk\u00f6y mahallesi mezarl\u0131\u011f\u0131na defnedilecektir. Merhuma Allah\u2019tan rahmet, ailesi ve yak\u0131nlar\u0131na ba\u015fsa\u011fl\u0131\u011f\u0131 dileriz.<\/p>\n","protected":false},"excerpt":{"rendered":"<p>08.11.2020 PAZAR ***\u00c7ukurk\u00f6y mahallesinden merhum Himmet Deniz\u2019in o\u011flu Ahmet Deniz\u2019in karde\u015fi \u0130smail ve \u0130lyas Deniz\u2019in babalar\u0131 merhum Hasan H\u00fcseyin Erta\u015f\u2019\u0131n kay\u0131npederi Hac\u0131 S\u00fcleyman DEN\u0130Z vefat etmi\u015ftir. Cenazesi \u00f6\u011fle namaz\u0131na m\u00fcteakip \u00c7ukurk\u00f6y mahallesi mezarl\u0131\u011f\u0131na defnedilecektir. Merhuma Allah\u2019tan rahmet, ailesi ve yak\u0131nlar\u0131na ba\u015fsa\u011fl\u0131\u011f\u0131 dileriz.<\/p>\n","protected":false},"author":4,"featured_media":0,"comment_status":"closed","ping_status":"","sticky":false,"template":"","format":"standard","meta":[],"categories":[2],"tags":[],"_links":{"self":[{"href":"http:\/\/ilan.tavsanli.bel.tr\/index.php\/wp-json\/wp\/v2\/posts\/318"}],"collection":[{"href":"http:\/\/ilan.tavsanli.bel.tr\/index.php\/wp-json\/wp\/v2\/posts"}],"about":[{"href":"http:\/\/ilan.tavsanli.bel.tr\/index.php\/wp-json\/wp\/v2\/types\/post"}],"author":[{"embeddable":true,"href":"http:\/\/ilan.tavsanli.bel.tr\/index.php\/wp-json\/wp\/v2\/users\/4"}],"replies":[{"embeddable":true,"href":"http:\/\/ilan.tavsanli.bel.tr\/index.php\/wp-json\/wp\/v2\/comments?post=318"}],"version-history":[{"count":1,"href":"http:\/\/ilan.tavsanli.bel.tr\/index.php\/wp-json\/wp\/v2\/posts\/318\/revisions"}],"predecessor-version":[{"id":319,"href":"http:\/\/ilan.tavsanli.bel.tr\/index.php\/wp-json\/wp\/v2\/posts\/318\/revisions\/319"}],"wp:attachment":[{"href":"http:\/\/ilan.tavsanli.bel.tr\/index.php\/wp-json\/wp\/v2\/media?parent=318"}],"wp:term":[{"taxonomy":"category","embeddable":true,"href":"http:\/\/ilan.tavsanli.bel.tr\/index.php\/wp-json\/wp\/v2\/categories?post=318"},{"taxonomy":"post_tag","embeddable":true,"href":"http:\/\/ilan.tavsanli.bel.tr\/index.php\/wp-json\/wp\/v2\/tags?post=318"}],"curies":[{"name":"wp","href":"https:\/\/api.w.org\/{rel}","templated":true}]}}