{"id":3052,"date":"2022-03-01T13:31:25","date_gmt":"2022-03-01T13:31:25","guid":{"rendered":"http:\/\/ilan.tavsanli.bel.tr\/?p=3052"},"modified":"2022-03-01T13:31:25","modified_gmt":"2022-03-01T13:31:25","slug":"3052","status":"publish","type":"post","link":"http:\/\/ilan.tavsanli.bel.tr\/index.php\/2022\/03\/01\/3052\/","title":{"rendered":""},"content":{"rendered":"\n<p>*** Tun\u00e7bilek, G\u00fcra\u011fa\u00e7 Mahallesi\u2019nden \u0130brahim ve Bilal Ilg\u0131n\u2019\u0131n abisi, Veysel ve \u0130smail Ilg\u0131n\u2019\u0131n babalar\u0131, Nejdet \u00d6zl\u00fc ve Sad\u0131k Bilal Ilg\u0131n\u2019\u0131n kay\u0131npederi, GL\u0130 emekli i\u015f\u00e7ilerinden \u00d6MER ILGIN vefat etmi\u015ftir. Cenazesi \u00f6\u011fle namaz\u0131n\u0131 m\u00fcteakip Tun\u00e7bilek, G\u00fcra\u011fa\u00e7 Mahallesi Mezarl\u0131\u011f\u0131\u2019na defnedilecektir. Merhuma Allah\u2019tan rahmet ailesine ve yak\u0131nlar\u0131na ba\u015fsa\u011fl\u0131\u011f\u0131 dileriz.<\/p>\n","protected":false},"excerpt":{"rendered":"<p>*** Tun\u00e7bilek, G\u00fcra\u011fa\u00e7 Mahallesi\u2019nden \u0130brahim ve Bilal Ilg\u0131n\u2019\u0131n abisi, Veysel ve \u0130smail Ilg\u0131n\u2019\u0131n babalar\u0131, Nejdet \u00d6zl\u00fc ve Sad\u0131k Bilal Ilg\u0131n\u2019\u0131n kay\u0131npederi, GL\u0130 emekli i\u015f\u00e7ilerinden \u00d6MER ILGIN vefat etmi\u015ftir. Cenazesi \u00f6\u011fle namaz\u0131n\u0131 m\u00fcteakip Tun\u00e7bilek, G\u00fcra\u011fa\u00e7 Mahallesi Mezarl\u0131\u011f\u0131\u2019na defnedilecektir. Merhuma Allah\u2019tan rahmet ailesine ve yak\u0131nlar\u0131na ba\u015fsa\u011fl\u0131\u011f\u0131 dileriz.<\/p>\n","protected":false},"author":6,"featured_media":0,"comment_status":"closed","ping_status":"","sticky":false,"template":"","format":"standard","meta":[],"categories":[2],"tags":[],"_links":{"self":[{"href":"http:\/\/ilan.tavsanli.bel.tr\/index.php\/wp-json\/wp\/v2\/posts\/3052"}],"collection":[{"href":"http:\/\/ilan.tavsanli.bel.tr\/index.php\/wp-json\/wp\/v2\/posts"}],"about":[{"href":"http:\/\/ilan.tavsanli.bel.tr\/index.php\/wp-json\/wp\/v2\/types\/post"}],"author":[{"embeddable":true,"href":"http:\/\/ilan.tavsanli.bel.tr\/index.php\/wp-json\/wp\/v2\/users\/6"}],"replies":[{"embeddable":true,"href":"http:\/\/ilan.tavsanli.bel.tr\/index.php\/wp-json\/wp\/v2\/comments?post=3052"}],"version-history":[{"count":1,"href":"http:\/\/ilan.tavsanli.bel.tr\/index.php\/wp-json\/wp\/v2\/posts\/3052\/revisions"}],"predecessor-version":[{"id":3053,"href":"http:\/\/ilan.tavsanli.bel.tr\/index.php\/wp-json\/wp\/v2\/posts\/3052\/revisions\/3053"}],"wp:attachment":[{"href":"http:\/\/ilan.tavsanli.bel.tr\/index.php\/wp-json\/wp\/v2\/media?parent=3052"}],"wp:term":[{"taxonomy":"category","embeddable":true,"href":"http:\/\/ilan.tavsanli.bel.tr\/index.php\/wp-json\/wp\/v2\/categories?post=3052"},{"taxonomy":"post_tag","embeddable":true,"href":"http:\/\/ilan.tavsanli.bel.tr\/index.php\/wp-json\/wp\/v2\/tags?post=3052"}],"curies":[{"name":"wp","href":"https:\/\/api.w.org\/{rel}","templated":true}]}}