{"id":3051,"date":"2022-03-01T13:32:13","date_gmt":"2022-03-01T13:32:13","guid":{"rendered":"http:\/\/ilan.tavsanli.bel.tr\/?p=3051"},"modified":"2022-03-01T13:32:13","modified_gmt":"2022-03-01T13:32:13","slug":"3051","status":"publish","type":"post","link":"http:\/\/ilan.tavsanli.bel.tr\/index.php\/2022\/03\/01\/3051\/","title":{"rendered":""},"content":{"rendered":"\n<p>*** Derbent k\u00f6y\u00fcnden Y\u00fcksel Da\u011fdelen\u2019in e\u015fi, Mehmet, Mustafa ve Ahmet Da\u011fdelen\u2019in karde\u015fi, Ahmet, \u015eerif ve \u0130smail Da\u011fdelen\u2019in anneleri HACER DA\u011eDELEN vefat etmi\u015ftir. Cenazesi \u00f6\u011fle namaz\u0131n\u0131 m\u00fcteakip Derbent K\u00f6y\u00fc Mezarl\u0131\u011f\u0131\u2019na defnedilecektir. Merhumeye Allah\u2019tan rahmet ailesine ve yak\u0131nlar\u0131na ba\u015fsa\u011fl\u0131\u011f\u0131 dileriz.<\/p>\n","protected":false},"excerpt":{"rendered":"<p>*** Derbent k\u00f6y\u00fcnden Y\u00fcksel Da\u011fdelen\u2019in e\u015fi, Mehmet, Mustafa ve Ahmet Da\u011fdelen\u2019in karde\u015fi, Ahmet, \u015eerif ve \u0130smail Da\u011fdelen\u2019in anneleri HACER DA\u011eDELEN vefat etmi\u015ftir. Cenazesi \u00f6\u011fle namaz\u0131n\u0131 m\u00fcteakip Derbent K\u00f6y\u00fc Mezarl\u0131\u011f\u0131\u2019na defnedilecektir. Merhumeye Allah\u2019tan rahmet ailesine ve yak\u0131nlar\u0131na ba\u015fsa\u011fl\u0131\u011f\u0131 dileriz.<\/p>\n","protected":false},"author":6,"featured_media":0,"comment_status":"closed","ping_status":"","sticky":false,"template":"","format":"standard","meta":[],"categories":[2],"tags":[],"_links":{"self":[{"href":"http:\/\/ilan.tavsanli.bel.tr\/index.php\/wp-json\/wp\/v2\/posts\/3051"}],"collection":[{"href":"http:\/\/ilan.tavsanli.bel.tr\/index.php\/wp-json\/wp\/v2\/posts"}],"about":[{"href":"http:\/\/ilan.tavsanli.bel.tr\/index.php\/wp-json\/wp\/v2\/types\/post"}],"author":[{"embeddable":true,"href":"http:\/\/ilan.tavsanli.bel.tr\/index.php\/wp-json\/wp\/v2\/users\/6"}],"replies":[{"embeddable":true,"href":"http:\/\/ilan.tavsanli.bel.tr\/index.php\/wp-json\/wp\/v2\/comments?post=3051"}],"version-history":[{"count":1,"href":"http:\/\/ilan.tavsanli.bel.tr\/index.php\/wp-json\/wp\/v2\/posts\/3051\/revisions"}],"predecessor-version":[{"id":3055,"href":"http:\/\/ilan.tavsanli.bel.tr\/index.php\/wp-json\/wp\/v2\/posts\/3051\/revisions\/3055"}],"wp:attachment":[{"href":"http:\/\/ilan.tavsanli.bel.tr\/index.php\/wp-json\/wp\/v2\/media?parent=3051"}],"wp:term":[{"taxonomy":"category","embeddable":true,"href":"http:\/\/ilan.tavsanli.bel.tr\/index.php\/wp-json\/wp\/v2\/categories?post=3051"},{"taxonomy":"post_tag","embeddable":true,"href":"http:\/\/ilan.tavsanli.bel.tr\/index.php\/wp-json\/wp\/v2\/tags?post=3051"}],"curies":[{"name":"wp","href":"https:\/\/api.w.org\/{rel}","templated":true}]}}