{"id":3049,"date":"2022-02-28T11:43:39","date_gmt":"2022-02-28T11:43:39","guid":{"rendered":"http:\/\/ilan.tavsanli.bel.tr\/?p=3049"},"modified":"2022-02-28T11:43:39","modified_gmt":"2022-02-28T11:43:39","slug":"3049","status":"publish","type":"post","link":"http:\/\/ilan.tavsanli.bel.tr\/index.php\/2022\/02\/28\/3049\/","title":{"rendered":""},"content":{"rendered":"\n<p>***\u00c7avdarhisar &#8211; Tepecik k\u00f6y\u00fcnden, Recep G\u00f6k\u2019\u00fcn e\u015fi, Halil \u0130brahim K\u0131rkar\u2019\u0131n ablas\u0131, \u00d6mer G\u00f6k\u2019\u00fcn annesi, Nail Pi\u015firir ve \u00d6mer Yorgun\u2019un kay\u0131nvalidesi, HACI FATMA G\u00d6K vefat etmi\u015ftir. Cenazesi ikindi namaz\u0131n\u0131 m\u00fcteakip Tav\u015fanl\u0131 Mezarl\u0131\u011f\u0131\u2019na defnedilecektir. Merhumeye Allah\u2019tan rahmet ailesine ve yak\u0131nlar\u0131na ba\u015fsa\u011fl\u0131\u011f\u0131 dileriz.<\/p>\n","protected":false},"excerpt":{"rendered":"<p>***\u00c7avdarhisar &#8211; Tepecik k\u00f6y\u00fcnden, Recep G\u00f6k\u2019\u00fcn e\u015fi, Halil \u0130brahim K\u0131rkar\u2019\u0131n ablas\u0131, \u00d6mer G\u00f6k\u2019\u00fcn annesi, Nail Pi\u015firir ve \u00d6mer Yorgun\u2019un kay\u0131nvalidesi, HACI FATMA G\u00d6K vefat etmi\u015ftir. Cenazesi ikindi namaz\u0131n\u0131 m\u00fcteakip Tav\u015fanl\u0131 Mezarl\u0131\u011f\u0131\u2019na defnedilecektir. Merhumeye Allah\u2019tan rahmet ailesine ve yak\u0131nlar\u0131na ba\u015fsa\u011fl\u0131\u011f\u0131 dileriz.<\/p>\n","protected":false},"author":6,"featured_media":0,"comment_status":"closed","ping_status":"","sticky":false,"template":"","format":"standard","meta":[],"categories":[2],"tags":[],"_links":{"self":[{"href":"http:\/\/ilan.tavsanli.bel.tr\/index.php\/wp-json\/wp\/v2\/posts\/3049"}],"collection":[{"href":"http:\/\/ilan.tavsanli.bel.tr\/index.php\/wp-json\/wp\/v2\/posts"}],"about":[{"href":"http:\/\/ilan.tavsanli.bel.tr\/index.php\/wp-json\/wp\/v2\/types\/post"}],"author":[{"embeddable":true,"href":"http:\/\/ilan.tavsanli.bel.tr\/index.php\/wp-json\/wp\/v2\/users\/6"}],"replies":[{"embeddable":true,"href":"http:\/\/ilan.tavsanli.bel.tr\/index.php\/wp-json\/wp\/v2\/comments?post=3049"}],"version-history":[{"count":1,"href":"http:\/\/ilan.tavsanli.bel.tr\/index.php\/wp-json\/wp\/v2\/posts\/3049\/revisions"}],"predecessor-version":[{"id":3050,"href":"http:\/\/ilan.tavsanli.bel.tr\/index.php\/wp-json\/wp\/v2\/posts\/3049\/revisions\/3050"}],"wp:attachment":[{"href":"http:\/\/ilan.tavsanli.bel.tr\/index.php\/wp-json\/wp\/v2\/media?parent=3049"}],"wp:term":[{"taxonomy":"category","embeddable":true,"href":"http:\/\/ilan.tavsanli.bel.tr\/index.php\/wp-json\/wp\/v2\/categories?post=3049"},{"taxonomy":"post_tag","embeddable":true,"href":"http:\/\/ilan.tavsanli.bel.tr\/index.php\/wp-json\/wp\/v2\/tags?post=3049"}],"curies":[{"name":"wp","href":"https:\/\/api.w.org\/{rel}","templated":true}]}}