{"id":2956,"date":"2022-02-17T08:21:56","date_gmt":"2022-02-17T08:21:56","guid":{"rendered":"http:\/\/ilan.tavsanli.bel.tr\/?p=2956"},"modified":"2022-02-17T08:21:56","modified_gmt":"2022-02-17T08:21:56","slug":"2956","status":"publish","type":"post","link":"http:\/\/ilan.tavsanli.bel.tr\/index.php\/2022\/02\/17\/2956\/","title":{"rendered":""},"content":{"rendered":"\n<p>Bal\u0131k\u00f6y Soluganlar mahallesinden, Ay\u015fe Koca\u2019n\u0131n e\u015fi, Osman ve \u0130dris Koca\u2019n\u0131n abisi, Ramazan Koca\u2019n\u0131n babas\u0131, Hayrettin \u00d6zdemir ve Necati \u00d6zkan\u2019\u0131n kay\u0131npederi, MEHMET KOCA vefat etmi\u015ftir. Cenazesi \u00f6\u011fle namaz\u0131n\u0131 m\u00fcteakip Bal\u0131k\u00f6y soluganlar mahallesi mezarl\u0131\u011f\u0131na defnedilecektir. Merhuma Allah\u2019tan rahmet ailesine ve yak\u0131nlar\u0131na ba\u015fsa\u011fl\u0131\u011f\u0131 dileriz.<\/p>\n","protected":false},"excerpt":{"rendered":"<p>Bal\u0131k\u00f6y Soluganlar mahallesinden, Ay\u015fe Koca\u2019n\u0131n e\u015fi, Osman ve \u0130dris Koca\u2019n\u0131n abisi, Ramazan Koca\u2019n\u0131n babas\u0131, Hayrettin \u00d6zdemir ve Necati \u00d6zkan\u2019\u0131n kay\u0131npederi, MEHMET KOCA vefat etmi\u015ftir. Cenazesi \u00f6\u011fle namaz\u0131n\u0131 m\u00fcteakip Bal\u0131k\u00f6y soluganlar mahallesi mezarl\u0131\u011f\u0131na defnedilecektir. Merhuma Allah\u2019tan rahmet ailesine ve yak\u0131nlar\u0131na ba\u015fsa\u011fl\u0131\u011f\u0131 dileriz.<\/p>\n","protected":false},"author":5,"featured_media":0,"comment_status":"closed","ping_status":"","sticky":false,"template":"","format":"standard","meta":[],"categories":[2],"tags":[],"_links":{"self":[{"href":"http:\/\/ilan.tavsanli.bel.tr\/index.php\/wp-json\/wp\/v2\/posts\/2956"}],"collection":[{"href":"http:\/\/ilan.tavsanli.bel.tr\/index.php\/wp-json\/wp\/v2\/posts"}],"about":[{"href":"http:\/\/ilan.tavsanli.bel.tr\/index.php\/wp-json\/wp\/v2\/types\/post"}],"author":[{"embeddable":true,"href":"http:\/\/ilan.tavsanli.bel.tr\/index.php\/wp-json\/wp\/v2\/users\/5"}],"replies":[{"embeddable":true,"href":"http:\/\/ilan.tavsanli.bel.tr\/index.php\/wp-json\/wp\/v2\/comments?post=2956"}],"version-history":[{"count":1,"href":"http:\/\/ilan.tavsanli.bel.tr\/index.php\/wp-json\/wp\/v2\/posts\/2956\/revisions"}],"predecessor-version":[{"id":2957,"href":"http:\/\/ilan.tavsanli.bel.tr\/index.php\/wp-json\/wp\/v2\/posts\/2956\/revisions\/2957"}],"wp:attachment":[{"href":"http:\/\/ilan.tavsanli.bel.tr\/index.php\/wp-json\/wp\/v2\/media?parent=2956"}],"wp:term":[{"taxonomy":"category","embeddable":true,"href":"http:\/\/ilan.tavsanli.bel.tr\/index.php\/wp-json\/wp\/v2\/categories?post=2956"},{"taxonomy":"post_tag","embeddable":true,"href":"http:\/\/ilan.tavsanli.bel.tr\/index.php\/wp-json\/wp\/v2\/tags?post=2956"}],"curies":[{"name":"wp","href":"https:\/\/api.w.org\/{rel}","templated":true}]}}