{"id":2916,"date":"2022-02-12T11:22:14","date_gmt":"2022-02-12T11:22:14","guid":{"rendered":"http:\/\/ilan.tavsanli.bel.tr\/?p=2916"},"modified":"2022-02-12T11:22:14","modified_gmt":"2022-02-12T11:22:14","slug":"2916","status":"publish","type":"post","link":"http:\/\/ilan.tavsanli.bel.tr\/index.php\/2022\/02\/12\/2916\/","title":{"rendered":""},"content":{"rendered":"\n<p>Domani\u00e7 \u00c7aml\u0131ca k\u00f6y\u00fcnden \u0130brahim Kayg\u0131s\u0131z&#8217;\u0131n k\u0131z\u0131, Tintonlar&#8217;\u0131n Ahmet G\u00f6ktepe&#8217;nin gelini, Ahmet ve Ak\u0131n G\u00f6ktepe&#8217;nin anneleri, Osman G\u00f6ktepe&#8217;nin e\u015fi \u015eER\u0130FE G\u00d6KTEPE vefat etmi\u015ftir.Cenazesi ikindi namaz\u0131n\u0131 m\u00fcteakip Tav\u015fanl\u0131 mezarl\u0131\u011f\u0131na defnedilecektir.Merhumeye Allah&#8217;tan rahmet ailesine ve sevenlerine ba\u015fsa\u011fl\u0131\u011f\u0131 dileriz.<\/p>\n","protected":false},"excerpt":{"rendered":"<p>Domani\u00e7 \u00c7aml\u0131ca k\u00f6y\u00fcnden \u0130brahim Kayg\u0131s\u0131z&#8217;\u0131n k\u0131z\u0131, Tintonlar&#8217;\u0131n Ahmet G\u00f6ktepe&#8217;nin gelini, Ahmet ve Ak\u0131n G\u00f6ktepe&#8217;nin anneleri, Osman G\u00f6ktepe&#8217;nin e\u015fi \u015eER\u0130FE G\u00d6KTEPE vefat etmi\u015ftir.Cenazesi ikindi namaz\u0131n\u0131 m\u00fcteakip Tav\u015fanl\u0131 mezarl\u0131\u011f\u0131na defnedilecektir.Merhumeye Allah&#8217;tan rahmet ailesine ve sevenlerine ba\u015fsa\u011fl\u0131\u011f\u0131 dileriz.<\/p>\n","protected":false},"author":5,"featured_media":0,"comment_status":"closed","ping_status":"","sticky":false,"template":"","format":"standard","meta":[],"categories":[2],"tags":[],"_links":{"self":[{"href":"http:\/\/ilan.tavsanli.bel.tr\/index.php\/wp-json\/wp\/v2\/posts\/2916"}],"collection":[{"href":"http:\/\/ilan.tavsanli.bel.tr\/index.php\/wp-json\/wp\/v2\/posts"}],"about":[{"href":"http:\/\/ilan.tavsanli.bel.tr\/index.php\/wp-json\/wp\/v2\/types\/post"}],"author":[{"embeddable":true,"href":"http:\/\/ilan.tavsanli.bel.tr\/index.php\/wp-json\/wp\/v2\/users\/5"}],"replies":[{"embeddable":true,"href":"http:\/\/ilan.tavsanli.bel.tr\/index.php\/wp-json\/wp\/v2\/comments?post=2916"}],"version-history":[{"count":1,"href":"http:\/\/ilan.tavsanli.bel.tr\/index.php\/wp-json\/wp\/v2\/posts\/2916\/revisions"}],"predecessor-version":[{"id":2917,"href":"http:\/\/ilan.tavsanli.bel.tr\/index.php\/wp-json\/wp\/v2\/posts\/2916\/revisions\/2917"}],"wp:attachment":[{"href":"http:\/\/ilan.tavsanli.bel.tr\/index.php\/wp-json\/wp\/v2\/media?parent=2916"}],"wp:term":[{"taxonomy":"category","embeddable":true,"href":"http:\/\/ilan.tavsanli.bel.tr\/index.php\/wp-json\/wp\/v2\/categories?post=2916"},{"taxonomy":"post_tag","embeddable":true,"href":"http:\/\/ilan.tavsanli.bel.tr\/index.php\/wp-json\/wp\/v2\/tags?post=2916"}],"curies":[{"name":"wp","href":"https:\/\/api.w.org\/{rel}","templated":true}]}}