{"id":2788,"date":"2022-02-02T07:06:05","date_gmt":"2022-02-02T07:06:05","guid":{"rendered":"http:\/\/ilan.tavsanli.bel.tr\/?p=2788"},"modified":"2022-02-02T07:06:05","modified_gmt":"2022-02-02T07:06:05","slug":"2788","status":"publish","type":"post","link":"http:\/\/ilan.tavsanli.bel.tr\/index.php\/2022\/02\/02\/2788\/","title":{"rendered":""},"content":{"rendered":"\n<p>\u00c7ukurk\u00f6y Mahallesi\u2019nden merhum Hac\u0131 H\u00fcseyin TOKER\u2019in o\u011flu, Kasap Ambarl\u0131 Halil \u0130brahim \u00c7EV\u0130K\u2019in damad\u0131, Tav\u015fanl\u0131 esnaflar\u0131ndan Kasap \u0130rfan TOKER\u2019in babas\u0131, Saim SARI, Necati \u015eEN, Mehmet KA\u00c7AR\u2019\u0131n kay\u0131npederleri, Tav\u015fanl\u0131 Eski Sigorta Hastanesi\u2019nden emekli pansumanc\u0131 HACI S\u00dcLEYMAN TOKER vefat etmi\u015ftir. Cenazesi \u00f6\u011fle namaz\u0131n\u0131 m\u00fcteakip \u00c7ukurk\u00f6y Mahallesi Mezarl\u0131\u011f\u0131\u2019na defnedilecektir. Merhuma Allah\u2019tan rahmet ailesine ve yak\u0131nlar\u0131na ba\u015fsa\u011fl\u0131\u011f\u0131 dileriz.<\/p>\n","protected":false},"excerpt":{"rendered":"<p>\u00c7ukurk\u00f6y Mahallesi\u2019nden merhum Hac\u0131 H\u00fcseyin TOKER\u2019in o\u011flu, Kasap Ambarl\u0131 Halil \u0130brahim \u00c7EV\u0130K\u2019in damad\u0131, Tav\u015fanl\u0131 esnaflar\u0131ndan Kasap \u0130rfan TOKER\u2019in babas\u0131, Saim SARI, Necati \u015eEN, Mehmet KA\u00c7AR\u2019\u0131n kay\u0131npederleri, Tav\u015fanl\u0131 Eski Sigorta Hastanesi\u2019nden emekli pansumanc\u0131 HACI S\u00dcLEYMAN TOKER vefat etmi\u015ftir. Cenazesi \u00f6\u011fle namaz\u0131n\u0131 m\u00fcteakip \u00c7ukurk\u00f6y Mahallesi Mezarl\u0131\u011f\u0131\u2019na defnedilecektir. Merhuma Allah\u2019tan rahmet ailesine ve yak\u0131nlar\u0131na ba\u015fsa\u011fl\u0131\u011f\u0131 dileriz.<\/p>\n","protected":false},"author":6,"featured_media":0,"comment_status":"closed","ping_status":"","sticky":false,"template":"","format":"standard","meta":[],"categories":[2],"tags":[],"_links":{"self":[{"href":"http:\/\/ilan.tavsanli.bel.tr\/index.php\/wp-json\/wp\/v2\/posts\/2788"}],"collection":[{"href":"http:\/\/ilan.tavsanli.bel.tr\/index.php\/wp-json\/wp\/v2\/posts"}],"about":[{"href":"http:\/\/ilan.tavsanli.bel.tr\/index.php\/wp-json\/wp\/v2\/types\/post"}],"author":[{"embeddable":true,"href":"http:\/\/ilan.tavsanli.bel.tr\/index.php\/wp-json\/wp\/v2\/users\/6"}],"replies":[{"embeddable":true,"href":"http:\/\/ilan.tavsanli.bel.tr\/index.php\/wp-json\/wp\/v2\/comments?post=2788"}],"version-history":[{"count":1,"href":"http:\/\/ilan.tavsanli.bel.tr\/index.php\/wp-json\/wp\/v2\/posts\/2788\/revisions"}],"predecessor-version":[{"id":2789,"href":"http:\/\/ilan.tavsanli.bel.tr\/index.php\/wp-json\/wp\/v2\/posts\/2788\/revisions\/2789"}],"wp:attachment":[{"href":"http:\/\/ilan.tavsanli.bel.tr\/index.php\/wp-json\/wp\/v2\/media?parent=2788"}],"wp:term":[{"taxonomy":"category","embeddable":true,"href":"http:\/\/ilan.tavsanli.bel.tr\/index.php\/wp-json\/wp\/v2\/categories?post=2788"},{"taxonomy":"post_tag","embeddable":true,"href":"http:\/\/ilan.tavsanli.bel.tr\/index.php\/wp-json\/wp\/v2\/tags?post=2788"}],"curies":[{"name":"wp","href":"https:\/\/api.w.org\/{rel}","templated":true}]}}