{"id":2730,"date":"2022-01-24T08:14:51","date_gmt":"2022-01-24T08:14:51","guid":{"rendered":"http:\/\/ilan.tavsanli.bel.tr\/?p=2730"},"modified":"2022-01-24T08:14:51","modified_gmt":"2022-01-24T08:14:51","slug":"2730","status":"publish","type":"post","link":"http:\/\/ilan.tavsanli.bel.tr\/index.php\/2022\/01\/24\/2730\/","title":{"rendered":""},"content":{"rendered":"\n<p>Tepecik Beldesi\u2019nden Emine Ak\u0131n\u2019\u0131n e\u015fi, Tav\u015fanl\u0131 sanayi esnaflar\u0131ndan Emet\u2019li Erdo\u011fan \u00c7\u0131\u011fr\u0131l, Recai Bilgin ve Termik i\u015f\u00e7ilerinden Erg\u00fcn Sa\u011flam\u2019\u0131n kay\u0131npederleri, Haytalar\u0131n SA\u0130M AKIN vefat etmi\u015ftir. Cenazesi \u00f6\u011fle namaz\u0131n\u0131 m\u00fcteakip Tepecik Belde Mezarl\u0131\u011f\u0131\u2019na defnedilecektir. Merhuma Allah\u2019tan rahmet, ailesine ve yak\u0131nlar\u0131na ba\u015fsa\u011fl\u0131\u011f\u0131 dileriz.<\/p>\n","protected":false},"excerpt":{"rendered":"<p>Tepecik Beldesi\u2019nden Emine Ak\u0131n\u2019\u0131n e\u015fi, Tav\u015fanl\u0131 sanayi esnaflar\u0131ndan Emet\u2019li Erdo\u011fan \u00c7\u0131\u011fr\u0131l, Recai Bilgin ve Termik i\u015f\u00e7ilerinden Erg\u00fcn Sa\u011flam\u2019\u0131n kay\u0131npederleri, Haytalar\u0131n SA\u0130M AKIN vefat etmi\u015ftir. Cenazesi \u00f6\u011fle namaz\u0131n\u0131 m\u00fcteakip Tepecik Belde Mezarl\u0131\u011f\u0131\u2019na defnedilecektir. Merhuma Allah\u2019tan rahmet, ailesine ve yak\u0131nlar\u0131na ba\u015fsa\u011fl\u0131\u011f\u0131 dileriz.<\/p>\n","protected":false},"author":6,"featured_media":0,"comment_status":"closed","ping_status":"","sticky":false,"template":"","format":"standard","meta":[],"categories":[2],"tags":[],"_links":{"self":[{"href":"http:\/\/ilan.tavsanli.bel.tr\/index.php\/wp-json\/wp\/v2\/posts\/2730"}],"collection":[{"href":"http:\/\/ilan.tavsanli.bel.tr\/index.php\/wp-json\/wp\/v2\/posts"}],"about":[{"href":"http:\/\/ilan.tavsanli.bel.tr\/index.php\/wp-json\/wp\/v2\/types\/post"}],"author":[{"embeddable":true,"href":"http:\/\/ilan.tavsanli.bel.tr\/index.php\/wp-json\/wp\/v2\/users\/6"}],"replies":[{"embeddable":true,"href":"http:\/\/ilan.tavsanli.bel.tr\/index.php\/wp-json\/wp\/v2\/comments?post=2730"}],"version-history":[{"count":1,"href":"http:\/\/ilan.tavsanli.bel.tr\/index.php\/wp-json\/wp\/v2\/posts\/2730\/revisions"}],"predecessor-version":[{"id":2731,"href":"http:\/\/ilan.tavsanli.bel.tr\/index.php\/wp-json\/wp\/v2\/posts\/2730\/revisions\/2731"}],"wp:attachment":[{"href":"http:\/\/ilan.tavsanli.bel.tr\/index.php\/wp-json\/wp\/v2\/media?parent=2730"}],"wp:term":[{"taxonomy":"category","embeddable":true,"href":"http:\/\/ilan.tavsanli.bel.tr\/index.php\/wp-json\/wp\/v2\/categories?post=2730"},{"taxonomy":"post_tag","embeddable":true,"href":"http:\/\/ilan.tavsanli.bel.tr\/index.php\/wp-json\/wp\/v2\/tags?post=2730"}],"curies":[{"name":"wp","href":"https:\/\/api.w.org\/{rel}","templated":true}]}}