{"id":2724,"date":"2022-01-24T08:12:41","date_gmt":"2022-01-24T08:12:41","guid":{"rendered":"http:\/\/ilan.tavsanli.bel.tr\/?p=2724"},"modified":"2022-01-24T08:12:41","modified_gmt":"2022-01-24T08:12:41","slug":"2724","status":"publish","type":"post","link":"http:\/\/ilan.tavsanli.bel.tr\/index.php\/2022\/01\/24\/2724\/","title":{"rendered":""},"content":{"rendered":"\n<p>Eseler K\u00f6y\u00fc\u2019nden Sabri, Mehmet ve Adem Ta\u015fdemir\u2019in babalar\u0131 \u015e\u00dcKR\u00dc TA\u015eDEM\u0130R vefat etmi\u015ftir. Cenazesi \u00f6\u011fle namaz\u0131n\u0131 m\u00fcteakip Eseler K\u00f6y\u00fc Mezarl\u0131\u011f\u0131\u2019na defnedilecektir. Merhuma Allah\u2019tan rahmet, ailesine ve yak\u0131nlar\u0131na ba\u015fsa\u011fl\u0131\u011f\u0131 dileriz.<\/p>\n","protected":false},"excerpt":{"rendered":"<p>Eseler K\u00f6y\u00fc\u2019nden Sabri, Mehmet ve Adem Ta\u015fdemir\u2019in babalar\u0131 \u015e\u00dcKR\u00dc TA\u015eDEM\u0130R vefat etmi\u015ftir. Cenazesi \u00f6\u011fle namaz\u0131n\u0131 m\u00fcteakip Eseler K\u00f6y\u00fc Mezarl\u0131\u011f\u0131\u2019na defnedilecektir. Merhuma Allah\u2019tan rahmet, ailesine ve yak\u0131nlar\u0131na ba\u015fsa\u011fl\u0131\u011f\u0131 dileriz.<\/p>\n","protected":false},"author":6,"featured_media":0,"comment_status":"closed","ping_status":"","sticky":false,"template":"","format":"standard","meta":[],"categories":[2],"tags":[],"_links":{"self":[{"href":"http:\/\/ilan.tavsanli.bel.tr\/index.php\/wp-json\/wp\/v2\/posts\/2724"}],"collection":[{"href":"http:\/\/ilan.tavsanli.bel.tr\/index.php\/wp-json\/wp\/v2\/posts"}],"about":[{"href":"http:\/\/ilan.tavsanli.bel.tr\/index.php\/wp-json\/wp\/v2\/types\/post"}],"author":[{"embeddable":true,"href":"http:\/\/ilan.tavsanli.bel.tr\/index.php\/wp-json\/wp\/v2\/users\/6"}],"replies":[{"embeddable":true,"href":"http:\/\/ilan.tavsanli.bel.tr\/index.php\/wp-json\/wp\/v2\/comments?post=2724"}],"version-history":[{"count":1,"href":"http:\/\/ilan.tavsanli.bel.tr\/index.php\/wp-json\/wp\/v2\/posts\/2724\/revisions"}],"predecessor-version":[{"id":2725,"href":"http:\/\/ilan.tavsanli.bel.tr\/index.php\/wp-json\/wp\/v2\/posts\/2724\/revisions\/2725"}],"wp:attachment":[{"href":"http:\/\/ilan.tavsanli.bel.tr\/index.php\/wp-json\/wp\/v2\/media?parent=2724"}],"wp:term":[{"taxonomy":"category","embeddable":true,"href":"http:\/\/ilan.tavsanli.bel.tr\/index.php\/wp-json\/wp\/v2\/categories?post=2724"},{"taxonomy":"post_tag","embeddable":true,"href":"http:\/\/ilan.tavsanli.bel.tr\/index.php\/wp-json\/wp\/v2\/tags?post=2724"}],"curies":[{"name":"wp","href":"https:\/\/api.w.org\/{rel}","templated":true}]}}