{"id":2714,"date":"2022-01-23T08:15:49","date_gmt":"2022-01-23T08:15:49","guid":{"rendered":"http:\/\/ilan.tavsanli.bel.tr\/?p=2714"},"modified":"2022-01-23T08:15:49","modified_gmt":"2022-01-23T08:15:49","slug":"2714","status":"publish","type":"post","link":"http:\/\/ilan.tavsanli.bel.tr\/index.php\/2022\/01\/23\/2714\/","title":{"rendered":""},"content":{"rendered":"\n<p>Karakaya k\u00f6y\u00fcnden Filiz Kooperatifi eski \u015f\u00f6f\u00f6rlerinden Sami Sarg\u0131n&#8217;\u0131n babas\u0131, Filiz Kooperatifi eski \u015f\u00f6f\u00f6rlerinden merhum H\u00fcseyin \u00c7etin ve Polis Memuru Muzaffer Ay&#8217;\u0131n Kay\u0131npederi G.L.\u0130 emekli i\u015f\u00e7ilerinden \u00d6MER SARGIN vefat etmi\u015ftir. Cenazesi saat 14:00&#8217;da Da\u011f\u00e7e\u015fme mahallesi mezarl\u0131\u011f\u0131na defnedilecektir. Merhuma Allah&#8217;tan rahmet ailesi ve yak\u0131nlar\u0131na ba\u015f sa\u011fl\u0131\u011f\u0131 dileriz.<\/p>\n","protected":false},"excerpt":{"rendered":"<p>Karakaya k\u00f6y\u00fcnden Filiz Kooperatifi eski \u015f\u00f6f\u00f6rlerinden Sami Sarg\u0131n&#8217;\u0131n babas\u0131, Filiz Kooperatifi eski \u015f\u00f6f\u00f6rlerinden merhum H\u00fcseyin \u00c7etin ve Polis Memuru Muzaffer Ay&#8217;\u0131n Kay\u0131npederi G.L.\u0130 emekli i\u015f\u00e7ilerinden \u00d6MER SARGIN vefat etmi\u015ftir. Cenazesi saat 14:00&#8217;da Da\u011f\u00e7e\u015fme mahallesi mezarl\u0131\u011f\u0131na defnedilecektir. Merhuma Allah&#8217;tan rahmet ailesi ve yak\u0131nlar\u0131na ba\u015f sa\u011fl\u0131\u011f\u0131 dileriz.<\/p>\n","protected":false},"author":5,"featured_media":0,"comment_status":"closed","ping_status":"","sticky":false,"template":"","format":"standard","meta":[],"categories":[2],"tags":[],"_links":{"self":[{"href":"http:\/\/ilan.tavsanli.bel.tr\/index.php\/wp-json\/wp\/v2\/posts\/2714"}],"collection":[{"href":"http:\/\/ilan.tavsanli.bel.tr\/index.php\/wp-json\/wp\/v2\/posts"}],"about":[{"href":"http:\/\/ilan.tavsanli.bel.tr\/index.php\/wp-json\/wp\/v2\/types\/post"}],"author":[{"embeddable":true,"href":"http:\/\/ilan.tavsanli.bel.tr\/index.php\/wp-json\/wp\/v2\/users\/5"}],"replies":[{"embeddable":true,"href":"http:\/\/ilan.tavsanli.bel.tr\/index.php\/wp-json\/wp\/v2\/comments?post=2714"}],"version-history":[{"count":1,"href":"http:\/\/ilan.tavsanli.bel.tr\/index.php\/wp-json\/wp\/v2\/posts\/2714\/revisions"}],"predecessor-version":[{"id":2715,"href":"http:\/\/ilan.tavsanli.bel.tr\/index.php\/wp-json\/wp\/v2\/posts\/2714\/revisions\/2715"}],"wp:attachment":[{"href":"http:\/\/ilan.tavsanli.bel.tr\/index.php\/wp-json\/wp\/v2\/media?parent=2714"}],"wp:term":[{"taxonomy":"category","embeddable":true,"href":"http:\/\/ilan.tavsanli.bel.tr\/index.php\/wp-json\/wp\/v2\/categories?post=2714"},{"taxonomy":"post_tag","embeddable":true,"href":"http:\/\/ilan.tavsanli.bel.tr\/index.php\/wp-json\/wp\/v2\/tags?post=2714"}],"curies":[{"name":"wp","href":"https:\/\/api.w.org\/{rel}","templated":true}]}}