{"id":2710,"date":"2022-01-22T08:19:52","date_gmt":"2022-01-22T08:19:52","guid":{"rendered":"http:\/\/ilan.tavsanli.bel.tr\/?p=2710"},"modified":"2022-01-22T08:19:52","modified_gmt":"2022-01-22T08:19:52","slug":"2710","status":"publish","type":"post","link":"http:\/\/ilan.tavsanli.bel.tr\/index.php\/2022\/01\/22\/2710\/","title":{"rendered":""},"content":{"rendered":"\n<p>Merhum Ahmet \u00d6zbal&#8217;\u0131n o\u011flu, merhum Mehmet \u00d6zbal&#8217;\u0131n karde\u015fi, Ahmet \u00d6zbal&#8217;\u0131n babas\u0131, merhum Hasan Kahraman&#8217;\u0131n damad\u0131, Bilal G\u00fcm\u00fc\u015f ve C\u00fcneyt Sancaktar&#8217;\u0131n kay\u0131npederi, YAVUZ \u00d6ZBAL vefat etmi\u015ftir. Cenazesi \u00f6\u011fle namaz\u0131 m\u00fcteakip tav\u015fanl\u0131 mezarl\u0131\u011f\u0131na defnedilecektir. Merhuma Allah&#8217;tan rahmet ailesine ve yak\u0131nlar\u0131na ba\u015fsa\u011fl\u0131\u011f\u0131 dileriz.<\/p>\n","protected":false},"excerpt":{"rendered":"<p>Merhum Ahmet \u00d6zbal&#8217;\u0131n o\u011flu, merhum Mehmet \u00d6zbal&#8217;\u0131n karde\u015fi, Ahmet \u00d6zbal&#8217;\u0131n babas\u0131, merhum Hasan Kahraman&#8217;\u0131n damad\u0131, Bilal G\u00fcm\u00fc\u015f ve C\u00fcneyt Sancaktar&#8217;\u0131n kay\u0131npederi, YAVUZ \u00d6ZBAL vefat etmi\u015ftir. Cenazesi \u00f6\u011fle namaz\u0131 m\u00fcteakip tav\u015fanl\u0131 mezarl\u0131\u011f\u0131na defnedilecektir. Merhuma Allah&#8217;tan rahmet ailesine ve yak\u0131nlar\u0131na ba\u015fsa\u011fl\u0131\u011f\u0131 dileriz.<\/p>\n","protected":false},"author":5,"featured_media":0,"comment_status":"closed","ping_status":"","sticky":false,"template":"","format":"standard","meta":[],"categories":[2],"tags":[],"_links":{"self":[{"href":"http:\/\/ilan.tavsanli.bel.tr\/index.php\/wp-json\/wp\/v2\/posts\/2710"}],"collection":[{"href":"http:\/\/ilan.tavsanli.bel.tr\/index.php\/wp-json\/wp\/v2\/posts"}],"about":[{"href":"http:\/\/ilan.tavsanli.bel.tr\/index.php\/wp-json\/wp\/v2\/types\/post"}],"author":[{"embeddable":true,"href":"http:\/\/ilan.tavsanli.bel.tr\/index.php\/wp-json\/wp\/v2\/users\/5"}],"replies":[{"embeddable":true,"href":"http:\/\/ilan.tavsanli.bel.tr\/index.php\/wp-json\/wp\/v2\/comments?post=2710"}],"version-history":[{"count":1,"href":"http:\/\/ilan.tavsanli.bel.tr\/index.php\/wp-json\/wp\/v2\/posts\/2710\/revisions"}],"predecessor-version":[{"id":2711,"href":"http:\/\/ilan.tavsanli.bel.tr\/index.php\/wp-json\/wp\/v2\/posts\/2710\/revisions\/2711"}],"wp:attachment":[{"href":"http:\/\/ilan.tavsanli.bel.tr\/index.php\/wp-json\/wp\/v2\/media?parent=2710"}],"wp:term":[{"taxonomy":"category","embeddable":true,"href":"http:\/\/ilan.tavsanli.bel.tr\/index.php\/wp-json\/wp\/v2\/categories?post=2710"},{"taxonomy":"post_tag","embeddable":true,"href":"http:\/\/ilan.tavsanli.bel.tr\/index.php\/wp-json\/wp\/v2\/tags?post=2710"}],"curies":[{"name":"wp","href":"https:\/\/api.w.org\/{rel}","templated":true}]}}