{"id":2634,"date":"2022-01-08T08:59:46","date_gmt":"2022-01-08T08:59:46","guid":{"rendered":"http:\/\/ilan.tavsanli.bel.tr\/?p=2634"},"modified":"2022-01-08T08:59:46","modified_gmt":"2022-01-08T08:59:46","slug":"2634","status":"publish","type":"post","link":"http:\/\/ilan.tavsanli.bel.tr\/index.php\/2022\/01\/08\/2634\/","title":{"rendered":""},"content":{"rendered":"\n<p>Suba\u015f\u0131 mahallesinden Bahattin Demir&#8217;in e\u015fi, Bozbelen k\u00f6y\u00fcnden \u00d6MR\u0130YE DEM\u0130R vefat etmi\u015ftir. Cenazesi \u00f6\u011fle namazin\u0131 m\u00fcteakip Tav\u015fanl\u0131 Mezarligina defnedilecektir. Merhumeye Allah&#8217;tan rahmet ailesi ve yak\u0131nlar\u0131na ba\u015f sa\u011fl\u0131\u011f\u0131 dileriz.<\/p>\n","protected":false},"excerpt":{"rendered":"<p>Suba\u015f\u0131 mahallesinden Bahattin Demir&#8217;in e\u015fi, Bozbelen k\u00f6y\u00fcnden \u00d6MR\u0130YE DEM\u0130R vefat etmi\u015ftir. Cenazesi \u00f6\u011fle namazin\u0131 m\u00fcteakip Tav\u015fanl\u0131 Mezarligina defnedilecektir. Merhumeye Allah&#8217;tan rahmet ailesi ve yak\u0131nlar\u0131na ba\u015f sa\u011fl\u0131\u011f\u0131 dileriz.<\/p>\n","protected":false},"author":5,"featured_media":0,"comment_status":"closed","ping_status":"","sticky":false,"template":"","format":"standard","meta":[],"categories":[2],"tags":[],"_links":{"self":[{"href":"http:\/\/ilan.tavsanli.bel.tr\/index.php\/wp-json\/wp\/v2\/posts\/2634"}],"collection":[{"href":"http:\/\/ilan.tavsanli.bel.tr\/index.php\/wp-json\/wp\/v2\/posts"}],"about":[{"href":"http:\/\/ilan.tavsanli.bel.tr\/index.php\/wp-json\/wp\/v2\/types\/post"}],"author":[{"embeddable":true,"href":"http:\/\/ilan.tavsanli.bel.tr\/index.php\/wp-json\/wp\/v2\/users\/5"}],"replies":[{"embeddable":true,"href":"http:\/\/ilan.tavsanli.bel.tr\/index.php\/wp-json\/wp\/v2\/comments?post=2634"}],"version-history":[{"count":1,"href":"http:\/\/ilan.tavsanli.bel.tr\/index.php\/wp-json\/wp\/v2\/posts\/2634\/revisions"}],"predecessor-version":[{"id":2635,"href":"http:\/\/ilan.tavsanli.bel.tr\/index.php\/wp-json\/wp\/v2\/posts\/2634\/revisions\/2635"}],"wp:attachment":[{"href":"http:\/\/ilan.tavsanli.bel.tr\/index.php\/wp-json\/wp\/v2\/media?parent=2634"}],"wp:term":[{"taxonomy":"category","embeddable":true,"href":"http:\/\/ilan.tavsanli.bel.tr\/index.php\/wp-json\/wp\/v2\/categories?post=2634"},{"taxonomy":"post_tag","embeddable":true,"href":"http:\/\/ilan.tavsanli.bel.tr\/index.php\/wp-json\/wp\/v2\/tags?post=2634"}],"curies":[{"name":"wp","href":"https:\/\/api.w.org\/{rel}","templated":true}]}}