{"id":2626,"date":"2022-01-06T13:35:19","date_gmt":"2022-01-06T13:35:19","guid":{"rendered":"http:\/\/ilan.tavsanli.bel.tr\/?p=2626"},"modified":"2022-01-06T13:35:19","modified_gmt":"2022-01-06T13:35:19","slug":"2626","status":"publish","type":"post","link":"http:\/\/ilan.tavsanli.bel.tr\/index.php\/2022\/01\/06\/2626\/","title":{"rendered":""},"content":{"rendered":"\n<p><strong>*** Emekli \u00f6\u011fretmen Hakk\u0131 \u015eahin&#8217;in o\u011flu, merhum terzi Halil \u00d6\u011fretmen&#8217;in damad\u0131, Abdullah \u015eahin ve Nursa\u00e7 Aras&#8217;\u0131n babalar\u0131 HAKAN \u015eAH\u0130N vefat etmi\u015ftir. Cenazesi saat 17.30&#8217;da Tav\u015fanl\u0131 mezarl\u0131\u011f\u0131na defnedilecektir. Merhuma Allah\u2019tan rahmet Ailesine ve yak\u0131nlar\u0131na ba\u015fsa\u011fl\u0131\u011f\u0131 dileriz.<\/strong><\/p>\n","protected":false},"excerpt":{"rendered":"<p>*** Emekli \u00f6\u011fretmen Hakk\u0131 \u015eahin&#8217;in o\u011flu, merhum terzi Halil \u00d6\u011fretmen&#8217;in damad\u0131, Abdullah \u015eahin ve Nursa\u00e7 Aras&#8217;\u0131n babalar\u0131 HAKAN \u015eAH\u0130N vefat etmi\u015ftir. Cenazesi saat 17.30&#8217;da Tav\u015fanl\u0131 mezarl\u0131\u011f\u0131na defnedilecektir. Merhuma Allah\u2019tan rahmet Ailesine ve yak\u0131nlar\u0131na ba\u015fsa\u011fl\u0131\u011f\u0131 dileriz.<\/p>\n","protected":false},"author":5,"featured_media":0,"comment_status":"closed","ping_status":"","sticky":false,"template":"","format":"standard","meta":[],"categories":[2],"tags":[],"_links":{"self":[{"href":"http:\/\/ilan.tavsanli.bel.tr\/index.php\/wp-json\/wp\/v2\/posts\/2626"}],"collection":[{"href":"http:\/\/ilan.tavsanli.bel.tr\/index.php\/wp-json\/wp\/v2\/posts"}],"about":[{"href":"http:\/\/ilan.tavsanli.bel.tr\/index.php\/wp-json\/wp\/v2\/types\/post"}],"author":[{"embeddable":true,"href":"http:\/\/ilan.tavsanli.bel.tr\/index.php\/wp-json\/wp\/v2\/users\/5"}],"replies":[{"embeddable":true,"href":"http:\/\/ilan.tavsanli.bel.tr\/index.php\/wp-json\/wp\/v2\/comments?post=2626"}],"version-history":[{"count":1,"href":"http:\/\/ilan.tavsanli.bel.tr\/index.php\/wp-json\/wp\/v2\/posts\/2626\/revisions"}],"predecessor-version":[{"id":2627,"href":"http:\/\/ilan.tavsanli.bel.tr\/index.php\/wp-json\/wp\/v2\/posts\/2626\/revisions\/2627"}],"wp:attachment":[{"href":"http:\/\/ilan.tavsanli.bel.tr\/index.php\/wp-json\/wp\/v2\/media?parent=2626"}],"wp:term":[{"taxonomy":"category","embeddable":true,"href":"http:\/\/ilan.tavsanli.bel.tr\/index.php\/wp-json\/wp\/v2\/categories?post=2626"},{"taxonomy":"post_tag","embeddable":true,"href":"http:\/\/ilan.tavsanli.bel.tr\/index.php\/wp-json\/wp\/v2\/tags?post=2626"}],"curies":[{"name":"wp","href":"https:\/\/api.w.org\/{rel}","templated":true}]}}