{"id":2599,"date":"2022-01-05T08:30:28","date_gmt":"2022-01-05T08:30:28","guid":{"rendered":"http:\/\/ilan.tavsanli.bel.tr\/?p=2599"},"modified":"2022-01-05T08:30:28","modified_gmt":"2022-01-05T08:30:28","slug":"2599","status":"publish","type":"post","link":"http:\/\/ilan.tavsanli.bel.tr\/index.php\/2022\/01\/05\/2599\/","title":{"rendered":""},"content":{"rendered":"\n<p><strong>Domani\u00e7 \u00c7aml\u0131ca K\u00f6y\u00fcnden merhum Ahmet G\u00f6ktekin&#8217;in damad\u0131, Hatice Uslu&#8217;nun e\u015fi, Nuriye Y\u0131lmaz, Nazmiye Buro\u011flu, Zekiye Y\u0131lmaz, merhum Mehmet Uslu, merhum Emine Kayg\u0131s\u0131z, merhum \u015e\u00fckran Ba\u015f&#8217;\u0131n karde\u015fleri, Ender Uslu&#8217;nun babas\u0131, \u0130smail Akp\u0131nar ve \u00d6zcan Gediko\u011flu&#8217;nun kay\u0131npederi, Emekli \u0130mam Hatip Lisesi \u00d6\u011fretmenlerinden H\u0130DAYET USLU vefat etmi\u015ftir. Cenazesi \u00f6\u011fle namaz\u0131n\u0131 m\u00fcteakip Domani\u00e7 \u00c7aml\u0131ca K\u00f6y\u00fc mezarl\u0131\u011f\u0131na defnedilecektir. Merhuma Allah\u2019tan rahmet Ailesine ve yak\u0131nlar\u0131na ba\u015fsa\u011fl\u0131\u011f\u0131 dileriz.<\/strong><\/p>\n","protected":false},"excerpt":{"rendered":"<p>Domani\u00e7 \u00c7aml\u0131ca K\u00f6y\u00fcnden merhum Ahmet G\u00f6ktekin&#8217;in damad\u0131, Hatice Uslu&#8217;nun e\u015fi, Nuriye Y\u0131lmaz, Nazmiye Buro\u011flu, Zekiye Y\u0131lmaz, merhum Mehmet Uslu, merhum Emine Kayg\u0131s\u0131z, merhum \u015e\u00fckran Ba\u015f&#8217;\u0131n karde\u015fleri, Ender Uslu&#8217;nun babas\u0131, \u0130smail Akp\u0131nar ve \u00d6zcan Gediko\u011flu&#8217;nun kay\u0131npederi, Emekli \u0130mam Hatip Lisesi \u00d6\u011fretmenlerinden H\u0130DAYET USLU vefat etmi\u015ftir. Cenazesi \u00f6\u011fle namaz\u0131n\u0131 m\u00fcteakip Domani\u00e7 \u00c7aml\u0131ca K\u00f6y\u00fc mezarl\u0131\u011f\u0131na defnedilecektir. Merhuma Allah\u2019tan [&hellip;]<\/p>\n","protected":false},"author":5,"featured_media":0,"comment_status":"closed","ping_status":"","sticky":false,"template":"","format":"standard","meta":[],"categories":[2],"tags":[],"_links":{"self":[{"href":"http:\/\/ilan.tavsanli.bel.tr\/index.php\/wp-json\/wp\/v2\/posts\/2599"}],"collection":[{"href":"http:\/\/ilan.tavsanli.bel.tr\/index.php\/wp-json\/wp\/v2\/posts"}],"about":[{"href":"http:\/\/ilan.tavsanli.bel.tr\/index.php\/wp-json\/wp\/v2\/types\/post"}],"author":[{"embeddable":true,"href":"http:\/\/ilan.tavsanli.bel.tr\/index.php\/wp-json\/wp\/v2\/users\/5"}],"replies":[{"embeddable":true,"href":"http:\/\/ilan.tavsanli.bel.tr\/index.php\/wp-json\/wp\/v2\/comments?post=2599"}],"version-history":[{"count":1,"href":"http:\/\/ilan.tavsanli.bel.tr\/index.php\/wp-json\/wp\/v2\/posts\/2599\/revisions"}],"predecessor-version":[{"id":2600,"href":"http:\/\/ilan.tavsanli.bel.tr\/index.php\/wp-json\/wp\/v2\/posts\/2599\/revisions\/2600"}],"wp:attachment":[{"href":"http:\/\/ilan.tavsanli.bel.tr\/index.php\/wp-json\/wp\/v2\/media?parent=2599"}],"wp:term":[{"taxonomy":"category","embeddable":true,"href":"http:\/\/ilan.tavsanli.bel.tr\/index.php\/wp-json\/wp\/v2\/categories?post=2599"},{"taxonomy":"post_tag","embeddable":true,"href":"http:\/\/ilan.tavsanli.bel.tr\/index.php\/wp-json\/wp\/v2\/tags?post=2599"}],"curies":[{"name":"wp","href":"https:\/\/api.w.org\/{rel}","templated":true}]}}