{"id":2563,"date":"2021-12-27T11:31:20","date_gmt":"2021-12-27T11:31:20","guid":{"rendered":"http:\/\/ilan.tavsanli.bel.tr\/?p=2563"},"modified":"2021-12-27T11:31:20","modified_gmt":"2021-12-27T11:31:20","slug":"2563","status":"publish","type":"post","link":"http:\/\/ilan.tavsanli.bel.tr\/index.php\/2021\/12\/27\/2563\/","title":{"rendered":""},"content":{"rendered":"\n<p>27.12.2021 PAZARTES\u0130 <strong>*** Derecik k\u00f6y\u00fcnden merhum Halil Tutal\u2019\u0131n o\u011flu, merhum minareci Ethem Diker\u2019in damad\u0131, Halil, Ethem ve Fatih Tutal\u2019\u0131n babalar\u0131, Belediyemiz emekli memurlar\u0131ndan Ahmet Kaptan\u2019\u0131n kay\u0131npederi, G.L.\u0130 emekli i\u015f\u00e7ilerinden CEMAL TUTAL vefat etmi\u015ftir. Cenazesi ikindi namaz\u0131n\u0131 m\u00fcteakip Tav\u015fanl\u0131 mezarl\u0131\u011f\u0131na defnedilecektir. Merhuma Allah\u2019tan rahmet ailesine ve yak\u0131nlar\u0131na ba\u015fsa\u011fl\u0131\u011f\u0131 dileriz.<\/strong><\/p>\n","protected":false},"excerpt":{"rendered":"<p>27.12.2021 PAZARTES\u0130 *** Derecik k\u00f6y\u00fcnden merhum Halil Tutal\u2019\u0131n o\u011flu, merhum minareci Ethem Diker\u2019in damad\u0131, Halil, Ethem ve Fatih Tutal\u2019\u0131n babalar\u0131, Belediyemiz emekli memurlar\u0131ndan Ahmet Kaptan\u2019\u0131n kay\u0131npederi, G.L.\u0130 emekli i\u015f\u00e7ilerinden CEMAL TUTAL vefat etmi\u015ftir. Cenazesi ikindi namaz\u0131n\u0131 m\u00fcteakip Tav\u015fanl\u0131 mezarl\u0131\u011f\u0131na defnedilecektir. Merhuma Allah\u2019tan rahmet ailesine ve yak\u0131nlar\u0131na ba\u015fsa\u011fl\u0131\u011f\u0131 dileriz.<\/p>\n","protected":false},"author":5,"featured_media":0,"comment_status":"closed","ping_status":"","sticky":false,"template":"","format":"standard","meta":[],"categories":[2],"tags":[],"_links":{"self":[{"href":"http:\/\/ilan.tavsanli.bel.tr\/index.php\/wp-json\/wp\/v2\/posts\/2563"}],"collection":[{"href":"http:\/\/ilan.tavsanli.bel.tr\/index.php\/wp-json\/wp\/v2\/posts"}],"about":[{"href":"http:\/\/ilan.tavsanli.bel.tr\/index.php\/wp-json\/wp\/v2\/types\/post"}],"author":[{"embeddable":true,"href":"http:\/\/ilan.tavsanli.bel.tr\/index.php\/wp-json\/wp\/v2\/users\/5"}],"replies":[{"embeddable":true,"href":"http:\/\/ilan.tavsanli.bel.tr\/index.php\/wp-json\/wp\/v2\/comments?post=2563"}],"version-history":[{"count":1,"href":"http:\/\/ilan.tavsanli.bel.tr\/index.php\/wp-json\/wp\/v2\/posts\/2563\/revisions"}],"predecessor-version":[{"id":2564,"href":"http:\/\/ilan.tavsanli.bel.tr\/index.php\/wp-json\/wp\/v2\/posts\/2563\/revisions\/2564"}],"wp:attachment":[{"href":"http:\/\/ilan.tavsanli.bel.tr\/index.php\/wp-json\/wp\/v2\/media?parent=2563"}],"wp:term":[{"taxonomy":"category","embeddable":true,"href":"http:\/\/ilan.tavsanli.bel.tr\/index.php\/wp-json\/wp\/v2\/categories?post=2563"},{"taxonomy":"post_tag","embeddable":true,"href":"http:\/\/ilan.tavsanli.bel.tr\/index.php\/wp-json\/wp\/v2\/tags?post=2563"}],"curies":[{"name":"wp","href":"https:\/\/api.w.org\/{rel}","templated":true}]}}