{"id":2557,"date":"2021-12-27T11:30:05","date_gmt":"2021-12-27T11:30:05","guid":{"rendered":"http:\/\/ilan.tavsanli.bel.tr\/?p=2557"},"modified":"2021-12-27T11:30:05","modified_gmt":"2021-12-27T11:30:05","slug":"2557","status":"publish","type":"post","link":"http:\/\/ilan.tavsanli.bel.tr\/index.php\/2021\/12\/27\/2557\/","title":{"rendered":""},"content":{"rendered":"\n<p>27.12.2021 PAZARTES\u0130  <strong>*** Beyk\u00f6y mahallesinden merhum Hasan H\u00fcseyin \u015eahaner\u2019in k\u0131z\u0131, H\u00fcseyin \u015eahaner\u2019in ablas\u0131, merhum \u0130smail Sar\u0131\u2019n\u0131n e\u015fi, Tav\u015fanl\u0131 esnaflar\u0131ndan S\u00fcleyman Sar\u0131\u2019n\u0131n annesi, Tav\u015fanl\u0131 vergi dairesi personeli H\u00fcseyin \u00d6zkan ve \u0130smail Kale\u2019nin kay\u0131nvalidesi, G\u00dcL\u00dcMSER SARI vefat etmi\u015ftir. Cenazesi \u00f6\u011fle namaz\u0131n\u0131 m\u00fcteakip beyk\u00f6y mahallesi mezarl\u0131\u011f\u0131na defnedilecektir. Merhumeye Allah\u2019tan rahmet ailesine ve yak\u0131nlar\u0131na ba\u015fsa\u011fl\u0131\u011f\u0131 dileriz.<\/strong><\/p>\n","protected":false},"excerpt":{"rendered":"<p>27.12.2021 PAZARTES\u0130 *** Beyk\u00f6y mahallesinden merhum Hasan H\u00fcseyin \u015eahaner\u2019in k\u0131z\u0131, H\u00fcseyin \u015eahaner\u2019in ablas\u0131, merhum \u0130smail Sar\u0131\u2019n\u0131n e\u015fi, Tav\u015fanl\u0131 esnaflar\u0131ndan S\u00fcleyman Sar\u0131\u2019n\u0131n annesi, Tav\u015fanl\u0131 vergi dairesi personeli H\u00fcseyin \u00d6zkan ve \u0130smail Kale\u2019nin kay\u0131nvalidesi, G\u00dcL\u00dcMSER SARI vefat etmi\u015ftir. Cenazesi \u00f6\u011fle namaz\u0131n\u0131 m\u00fcteakip beyk\u00f6y mahallesi mezarl\u0131\u011f\u0131na defnedilecektir. Merhumeye Allah\u2019tan rahmet ailesine ve yak\u0131nlar\u0131na ba\u015fsa\u011fl\u0131\u011f\u0131 dileriz.<\/p>\n","protected":false},"author":5,"featured_media":0,"comment_status":"closed","ping_status":"","sticky":false,"template":"","format":"standard","meta":[],"categories":[2],"tags":[],"_links":{"self":[{"href":"http:\/\/ilan.tavsanli.bel.tr\/index.php\/wp-json\/wp\/v2\/posts\/2557"}],"collection":[{"href":"http:\/\/ilan.tavsanli.bel.tr\/index.php\/wp-json\/wp\/v2\/posts"}],"about":[{"href":"http:\/\/ilan.tavsanli.bel.tr\/index.php\/wp-json\/wp\/v2\/types\/post"}],"author":[{"embeddable":true,"href":"http:\/\/ilan.tavsanli.bel.tr\/index.php\/wp-json\/wp\/v2\/users\/5"}],"replies":[{"embeddable":true,"href":"http:\/\/ilan.tavsanli.bel.tr\/index.php\/wp-json\/wp\/v2\/comments?post=2557"}],"version-history":[{"count":1,"href":"http:\/\/ilan.tavsanli.bel.tr\/index.php\/wp-json\/wp\/v2\/posts\/2557\/revisions"}],"predecessor-version":[{"id":2558,"href":"http:\/\/ilan.tavsanli.bel.tr\/index.php\/wp-json\/wp\/v2\/posts\/2557\/revisions\/2558"}],"wp:attachment":[{"href":"http:\/\/ilan.tavsanli.bel.tr\/index.php\/wp-json\/wp\/v2\/media?parent=2557"}],"wp:term":[{"taxonomy":"category","embeddable":true,"href":"http:\/\/ilan.tavsanli.bel.tr\/index.php\/wp-json\/wp\/v2\/categories?post=2557"},{"taxonomy":"post_tag","embeddable":true,"href":"http:\/\/ilan.tavsanli.bel.tr\/index.php\/wp-json\/wp\/v2\/tags?post=2557"}],"curies":[{"name":"wp","href":"https:\/\/api.w.org\/{rel}","templated":true}]}}