{"id":2553,"date":"2021-12-26T08:06:49","date_gmt":"2021-12-26T08:06:49","guid":{"rendered":"http:\/\/ilan.tavsanli.bel.tr\/?p=2553"},"modified":"2021-12-26T08:06:49","modified_gmt":"2021-12-26T08:06:49","slug":"2553","status":"publish","type":"post","link":"http:\/\/ilan.tavsanli.bel.tr\/index.php\/2021\/12\/26\/2553\/","title":{"rendered":""},"content":{"rendered":"\n<p>26.12.2021 PAZAR *** Ak\u00e7ak\u00f6y&#8217;den Musa \u015eahin&#8217;in o\u011flu, Belediyemiz emekli i\u015f\u00e7ilerinden Halil \u015eahin&#8217;in Karde\u015fi, Ahmet \u015eahin, Mustafa \u00c7i\u00e7ek, Nail \u00c7i\u00e7ek ve Murat Ba\u011f\u0131rkan&#8217;\u0131n Kay\u0131npederi MUSTAFA \u015eAH\u0130N vefat etmi\u015ftir. Cenazesi \u00d6\u011fle namaz\u0131n\u0131 m\u00fcteakkip Ak\u00e7ak\u00f6y mezarl\u0131\u011f\u0131na defnedilecektir. Merhuma Allah&#8217;tan rahmet ailesi ve yak\u0131nlar\u0131na ba\u015f sa\u011fl\u0131\u011f\u0131 dileriz.<\/p>\n","protected":false},"excerpt":{"rendered":"<p>26.12.2021 PAZAR *** Ak\u00e7ak\u00f6y&#8217;den Musa \u015eahin&#8217;in o\u011flu, Belediyemiz emekli i\u015f\u00e7ilerinden Halil \u015eahin&#8217;in Karde\u015fi, Ahmet \u015eahin, Mustafa \u00c7i\u00e7ek, Nail \u00c7i\u00e7ek ve Murat Ba\u011f\u0131rkan&#8217;\u0131n Kay\u0131npederi MUSTAFA \u015eAH\u0130N vefat etmi\u015ftir. Cenazesi \u00d6\u011fle namaz\u0131n\u0131 m\u00fcteakkip Ak\u00e7ak\u00f6y mezarl\u0131\u011f\u0131na defnedilecektir. Merhuma Allah&#8217;tan rahmet ailesi ve yak\u0131nlar\u0131na ba\u015f sa\u011fl\u0131\u011f\u0131 dileriz.<\/p>\n","protected":false},"author":5,"featured_media":0,"comment_status":"closed","ping_status":"","sticky":false,"template":"","format":"standard","meta":[],"categories":[2],"tags":[],"_links":{"self":[{"href":"http:\/\/ilan.tavsanli.bel.tr\/index.php\/wp-json\/wp\/v2\/posts\/2553"}],"collection":[{"href":"http:\/\/ilan.tavsanli.bel.tr\/index.php\/wp-json\/wp\/v2\/posts"}],"about":[{"href":"http:\/\/ilan.tavsanli.bel.tr\/index.php\/wp-json\/wp\/v2\/types\/post"}],"author":[{"embeddable":true,"href":"http:\/\/ilan.tavsanli.bel.tr\/index.php\/wp-json\/wp\/v2\/users\/5"}],"replies":[{"embeddable":true,"href":"http:\/\/ilan.tavsanli.bel.tr\/index.php\/wp-json\/wp\/v2\/comments?post=2553"}],"version-history":[{"count":1,"href":"http:\/\/ilan.tavsanli.bel.tr\/index.php\/wp-json\/wp\/v2\/posts\/2553\/revisions"}],"predecessor-version":[{"id":2554,"href":"http:\/\/ilan.tavsanli.bel.tr\/index.php\/wp-json\/wp\/v2\/posts\/2553\/revisions\/2554"}],"wp:attachment":[{"href":"http:\/\/ilan.tavsanli.bel.tr\/index.php\/wp-json\/wp\/v2\/media?parent=2553"}],"wp:term":[{"taxonomy":"category","embeddable":true,"href":"http:\/\/ilan.tavsanli.bel.tr\/index.php\/wp-json\/wp\/v2\/categories?post=2553"},{"taxonomy":"post_tag","embeddable":true,"href":"http:\/\/ilan.tavsanli.bel.tr\/index.php\/wp-json\/wp\/v2\/tags?post=2553"}],"curies":[{"name":"wp","href":"https:\/\/api.w.org\/{rel}","templated":true}]}}