{"id":2547,"date":"2021-12-25T08:12:57","date_gmt":"2021-12-25T08:12:57","guid":{"rendered":"http:\/\/ilan.tavsanli.bel.tr\/?p=2547"},"modified":"2021-12-25T08:12:57","modified_gmt":"2021-12-25T08:12:57","slug":"2547","status":"publish","type":"post","link":"http:\/\/ilan.tavsanli.bel.tr\/index.php\/2021\/12\/25\/2547\/","title":{"rendered":""},"content":{"rendered":"\n<p>25.12.2021 CUMARTES\u0130 *** Emet ikiba\u015fl\u0131 k\u00f6y\u00fcnden merhum \u0130brahim, Mehmet, Mahmut ve Hakk\u0131 \u0130smail Kaya\u2019n\u0131n karde\u015fi, \u0130brahim Semir, Veli Kaya ve Mesut G\u00fcran\u2019\u0131n kay\u0131npederi, Halil Kaya\u2019n\u0131n babas\u0131, almanyadan emekli BEK\u0130R KAYA vefat etmi\u015ftir. Cenazesi \u00f6\u011fle namaz\u0131n\u0131 m\u00fcteakip ikiba\u015fl\u0131 k\u00f6y\u00fc mezarl\u0131\u011f\u0131na defnedilecektir. Merhuma Allah\u2019tan rahmet ailesine ve yak\u0131nlar\u0131na ba\u015fsa\u011fl\u0131\u011f\u0131 dileriz.<\/p>\n","protected":false},"excerpt":{"rendered":"<p>25.12.2021 CUMARTES\u0130 *** Emet ikiba\u015fl\u0131 k\u00f6y\u00fcnden merhum \u0130brahim, Mehmet, Mahmut ve Hakk\u0131 \u0130smail Kaya\u2019n\u0131n karde\u015fi, \u0130brahim Semir, Veli Kaya ve Mesut G\u00fcran\u2019\u0131n kay\u0131npederi, Halil Kaya\u2019n\u0131n babas\u0131, almanyadan emekli BEK\u0130R KAYA vefat etmi\u015ftir. Cenazesi \u00f6\u011fle namaz\u0131n\u0131 m\u00fcteakip ikiba\u015fl\u0131 k\u00f6y\u00fc mezarl\u0131\u011f\u0131na defnedilecektir. Merhuma Allah\u2019tan rahmet ailesine ve yak\u0131nlar\u0131na ba\u015fsa\u011fl\u0131\u011f\u0131 dileriz.<\/p>\n","protected":false},"author":5,"featured_media":0,"comment_status":"closed","ping_status":"","sticky":false,"template":"","format":"standard","meta":[],"categories":[2],"tags":[],"_links":{"self":[{"href":"http:\/\/ilan.tavsanli.bel.tr\/index.php\/wp-json\/wp\/v2\/posts\/2547"}],"collection":[{"href":"http:\/\/ilan.tavsanli.bel.tr\/index.php\/wp-json\/wp\/v2\/posts"}],"about":[{"href":"http:\/\/ilan.tavsanli.bel.tr\/index.php\/wp-json\/wp\/v2\/types\/post"}],"author":[{"embeddable":true,"href":"http:\/\/ilan.tavsanli.bel.tr\/index.php\/wp-json\/wp\/v2\/users\/5"}],"replies":[{"embeddable":true,"href":"http:\/\/ilan.tavsanli.bel.tr\/index.php\/wp-json\/wp\/v2\/comments?post=2547"}],"version-history":[{"count":1,"href":"http:\/\/ilan.tavsanli.bel.tr\/index.php\/wp-json\/wp\/v2\/posts\/2547\/revisions"}],"predecessor-version":[{"id":2548,"href":"http:\/\/ilan.tavsanli.bel.tr\/index.php\/wp-json\/wp\/v2\/posts\/2547\/revisions\/2548"}],"wp:attachment":[{"href":"http:\/\/ilan.tavsanli.bel.tr\/index.php\/wp-json\/wp\/v2\/media?parent=2547"}],"wp:term":[{"taxonomy":"category","embeddable":true,"href":"http:\/\/ilan.tavsanli.bel.tr\/index.php\/wp-json\/wp\/v2\/categories?post=2547"},{"taxonomy":"post_tag","embeddable":true,"href":"http:\/\/ilan.tavsanli.bel.tr\/index.php\/wp-json\/wp\/v2\/tags?post=2547"}],"curies":[{"name":"wp","href":"https:\/\/api.w.org\/{rel}","templated":true}]}}