{"id":2530,"date":"2021-12-23T11:23:17","date_gmt":"2021-12-23T11:23:17","guid":{"rendered":"http:\/\/ilan.tavsanli.bel.tr\/?p=2530"},"modified":"2021-12-23T11:23:17","modified_gmt":"2021-12-23T11:23:17","slug":"2530","status":"publish","type":"post","link":"http:\/\/ilan.tavsanli.bel.tr\/index.php\/2021\/12\/23\/2530\/","title":{"rendered":""},"content":{"rendered":"\n<p>23.12.2021 PER\u015eEMBE *** Bal\u0131k\u00f6y D\u00fcmrek ulu k\u00f6y\u00fcnden merhum S\u00fcleyman Korkut\u2019un e\u015fi, Y\u00fcksel ve merhum Ahmet Korkut\u2019un anneleri, Recep ve merhum Mehmet K\u0131rb\u0131y\u0131k\u2019\u0131n kay\u0131nvalidesi, HAT\u0130CE KORKUT vefat etmi\u015ftir. Cenazesi \u00f6\u011fle namaz\u0131n\u0131 m\u00fcteakip D\u00fcmrek ulu k\u00f6y\u00fc mezarl\u0131\u011f\u0131na defnedilecektir. Merhumeye Allah\u2019tan rahmet ailesine ve yak\u0131nlar\u0131na ba\u015fsa\u011fl\u0131\u011f\u0131 dileriz.<\/p>\n","protected":false},"excerpt":{"rendered":"<p>23.12.2021 PER\u015eEMBE *** Bal\u0131k\u00f6y D\u00fcmrek ulu k\u00f6y\u00fcnden merhum S\u00fcleyman Korkut\u2019un e\u015fi, Y\u00fcksel ve merhum Ahmet Korkut\u2019un anneleri, Recep ve merhum Mehmet K\u0131rb\u0131y\u0131k\u2019\u0131n kay\u0131nvalidesi, HAT\u0130CE KORKUT vefat etmi\u015ftir. Cenazesi \u00f6\u011fle namaz\u0131n\u0131 m\u00fcteakip D\u00fcmrek ulu k\u00f6y\u00fc mezarl\u0131\u011f\u0131na defnedilecektir. Merhumeye Allah\u2019tan rahmet ailesine ve yak\u0131nlar\u0131na ba\u015fsa\u011fl\u0131\u011f\u0131 dileriz.<\/p>\n","protected":false},"author":5,"featured_media":0,"comment_status":"closed","ping_status":"","sticky":false,"template":"","format":"standard","meta":[],"categories":[2],"tags":[],"_links":{"self":[{"href":"http:\/\/ilan.tavsanli.bel.tr\/index.php\/wp-json\/wp\/v2\/posts\/2530"}],"collection":[{"href":"http:\/\/ilan.tavsanli.bel.tr\/index.php\/wp-json\/wp\/v2\/posts"}],"about":[{"href":"http:\/\/ilan.tavsanli.bel.tr\/index.php\/wp-json\/wp\/v2\/types\/post"}],"author":[{"embeddable":true,"href":"http:\/\/ilan.tavsanli.bel.tr\/index.php\/wp-json\/wp\/v2\/users\/5"}],"replies":[{"embeddable":true,"href":"http:\/\/ilan.tavsanli.bel.tr\/index.php\/wp-json\/wp\/v2\/comments?post=2530"}],"version-history":[{"count":1,"href":"http:\/\/ilan.tavsanli.bel.tr\/index.php\/wp-json\/wp\/v2\/posts\/2530\/revisions"}],"predecessor-version":[{"id":2531,"href":"http:\/\/ilan.tavsanli.bel.tr\/index.php\/wp-json\/wp\/v2\/posts\/2530\/revisions\/2531"}],"wp:attachment":[{"href":"http:\/\/ilan.tavsanli.bel.tr\/index.php\/wp-json\/wp\/v2\/media?parent=2530"}],"wp:term":[{"taxonomy":"category","embeddable":true,"href":"http:\/\/ilan.tavsanli.bel.tr\/index.php\/wp-json\/wp\/v2\/categories?post=2530"},{"taxonomy":"post_tag","embeddable":true,"href":"http:\/\/ilan.tavsanli.bel.tr\/index.php\/wp-json\/wp\/v2\/tags?post=2530"}],"curies":[{"name":"wp","href":"https:\/\/api.w.org\/{rel}","templated":true}]}}