{"id":2517,"date":"2021-12-20T11:19:40","date_gmt":"2021-12-20T11:19:40","guid":{"rendered":"http:\/\/ilan.tavsanli.bel.tr\/?p=2517"},"modified":"2021-12-20T11:19:40","modified_gmt":"2021-12-20T11:19:40","slug":"2517","status":"publish","type":"post","link":"http:\/\/ilan.tavsanli.bel.tr\/index.php\/2021\/12\/20\/2517\/","title":{"rendered":""},"content":{"rendered":"\n<p>20.12.2021 PAZARTES\u0130 *** <strong>Emet S\u00fclye k\u00f6y\u00fcnden Ramazan Sevin\u00e7 ve merhum Mehmet Sad\u0131k Kaplan\u2019\u0131n torunu, in\u015faat demircisi Nafiz ve Fatma Kaplan\u2019\u0131n o\u011flu, Sedat ve Elif Kaplan\u2019\u0131n karde\u015fi, SAMET KAPLAN vefat etmi\u015ftir. Cenazesi ikindi namaz\u0131n\u0131 m\u00fcteakip Tav\u015fanl\u0131 mezarl\u0131\u011f\u0131na defnedilecektir. Merhuma Allah\u2019tan rahmet ailesine ve yak\u0131nlar\u0131na ba\u015fsa\u011fl\u0131\u011f\u0131 dileriz.<\/strong><\/p>\n","protected":false},"excerpt":{"rendered":"<p>20.12.2021 PAZARTES\u0130 *** Emet S\u00fclye k\u00f6y\u00fcnden Ramazan Sevin\u00e7 ve merhum Mehmet Sad\u0131k Kaplan\u2019\u0131n torunu, in\u015faat demircisi Nafiz ve Fatma Kaplan\u2019\u0131n o\u011flu, Sedat ve Elif Kaplan\u2019\u0131n karde\u015fi, SAMET KAPLAN vefat etmi\u015ftir. Cenazesi ikindi namaz\u0131n\u0131 m\u00fcteakip Tav\u015fanl\u0131 mezarl\u0131\u011f\u0131na defnedilecektir. Merhuma Allah\u2019tan rahmet ailesine ve yak\u0131nlar\u0131na ba\u015fsa\u011fl\u0131\u011f\u0131 dileriz.<\/p>\n","protected":false},"author":5,"featured_media":0,"comment_status":"closed","ping_status":"","sticky":false,"template":"","format":"standard","meta":[],"categories":[2],"tags":[],"_links":{"self":[{"href":"http:\/\/ilan.tavsanli.bel.tr\/index.php\/wp-json\/wp\/v2\/posts\/2517"}],"collection":[{"href":"http:\/\/ilan.tavsanli.bel.tr\/index.php\/wp-json\/wp\/v2\/posts"}],"about":[{"href":"http:\/\/ilan.tavsanli.bel.tr\/index.php\/wp-json\/wp\/v2\/types\/post"}],"author":[{"embeddable":true,"href":"http:\/\/ilan.tavsanli.bel.tr\/index.php\/wp-json\/wp\/v2\/users\/5"}],"replies":[{"embeddable":true,"href":"http:\/\/ilan.tavsanli.bel.tr\/index.php\/wp-json\/wp\/v2\/comments?post=2517"}],"version-history":[{"count":1,"href":"http:\/\/ilan.tavsanli.bel.tr\/index.php\/wp-json\/wp\/v2\/posts\/2517\/revisions"}],"predecessor-version":[{"id":2518,"href":"http:\/\/ilan.tavsanli.bel.tr\/index.php\/wp-json\/wp\/v2\/posts\/2517\/revisions\/2518"}],"wp:attachment":[{"href":"http:\/\/ilan.tavsanli.bel.tr\/index.php\/wp-json\/wp\/v2\/media?parent=2517"}],"wp:term":[{"taxonomy":"category","embeddable":true,"href":"http:\/\/ilan.tavsanli.bel.tr\/index.php\/wp-json\/wp\/v2\/categories?post=2517"},{"taxonomy":"post_tag","embeddable":true,"href":"http:\/\/ilan.tavsanli.bel.tr\/index.php\/wp-json\/wp\/v2\/tags?post=2517"}],"curies":[{"name":"wp","href":"https:\/\/api.w.org\/{rel}","templated":true}]}}