{"id":2505,"date":"2021-12-20T08:10:24","date_gmt":"2021-12-20T08:10:24","guid":{"rendered":"http:\/\/ilan.tavsanli.bel.tr\/?p=2505"},"modified":"2021-12-20T08:10:24","modified_gmt":"2021-12-20T08:10:24","slug":"2505","status":"publish","type":"post","link":"http:\/\/ilan.tavsanli.bel.tr\/index.php\/2021\/12\/20\/2505\/","title":{"rendered":""},"content":{"rendered":"\n<p>18.12.2021 CUMARTES\u0130 *** E\u015fen k\u00f6y\u00fcnden merhum Bedri \u00c7avl\u0131&#8217;n\u0131n e\u015fi, Rahmi \u00c7avl\u0131&#8217;n\u0131n annesi, \u0130smail Arslan, \u0130brahim Kaya, Dursun Sald\u0131k ve Osman Demir&#8217;in kay\u0131nvalidesi, NA\u0130ME \u00c7AVLI vefat etmi\u015ftir. Cenazesi \u00f6\u011fle namaz\u0131n\u0131 m\u00fcteakip e\u015fen k\u00f6y\u00fc mezarl\u0131\u011f\u0131na defnedilecektir. Merhumeye Allah&#8217;tan rahmet ailesine ve yak\u0131nlar\u0131na ba\u015fsa\u011fl\u0131\u011f\u0131 dileriz.<\/p>\n","protected":false},"excerpt":{"rendered":"<p>18.12.2021 CUMARTES\u0130 *** E\u015fen k\u00f6y\u00fcnden merhum Bedri \u00c7avl\u0131&#8217;n\u0131n e\u015fi, Rahmi \u00c7avl\u0131&#8217;n\u0131n annesi, \u0130smail Arslan, \u0130brahim Kaya, Dursun Sald\u0131k ve Osman Demir&#8217;in kay\u0131nvalidesi, NA\u0130ME \u00c7AVLI vefat etmi\u015ftir. Cenazesi \u00f6\u011fle namaz\u0131n\u0131 m\u00fcteakip e\u015fen k\u00f6y\u00fc mezarl\u0131\u011f\u0131na defnedilecektir. Merhumeye Allah&#8217;tan rahmet ailesine ve yak\u0131nlar\u0131na ba\u015fsa\u011fl\u0131\u011f\u0131 dileriz.<\/p>\n","protected":false},"author":5,"featured_media":0,"comment_status":"closed","ping_status":"","sticky":false,"template":"","format":"standard","meta":[],"categories":[2],"tags":[],"_links":{"self":[{"href":"http:\/\/ilan.tavsanli.bel.tr\/index.php\/wp-json\/wp\/v2\/posts\/2505"}],"collection":[{"href":"http:\/\/ilan.tavsanli.bel.tr\/index.php\/wp-json\/wp\/v2\/posts"}],"about":[{"href":"http:\/\/ilan.tavsanli.bel.tr\/index.php\/wp-json\/wp\/v2\/types\/post"}],"author":[{"embeddable":true,"href":"http:\/\/ilan.tavsanli.bel.tr\/index.php\/wp-json\/wp\/v2\/users\/5"}],"replies":[{"embeddable":true,"href":"http:\/\/ilan.tavsanli.bel.tr\/index.php\/wp-json\/wp\/v2\/comments?post=2505"}],"version-history":[{"count":1,"href":"http:\/\/ilan.tavsanli.bel.tr\/index.php\/wp-json\/wp\/v2\/posts\/2505\/revisions"}],"predecessor-version":[{"id":2506,"href":"http:\/\/ilan.tavsanli.bel.tr\/index.php\/wp-json\/wp\/v2\/posts\/2505\/revisions\/2506"}],"wp:attachment":[{"href":"http:\/\/ilan.tavsanli.bel.tr\/index.php\/wp-json\/wp\/v2\/media?parent=2505"}],"wp:term":[{"taxonomy":"category","embeddable":true,"href":"http:\/\/ilan.tavsanli.bel.tr\/index.php\/wp-json\/wp\/v2\/categories?post=2505"},{"taxonomy":"post_tag","embeddable":true,"href":"http:\/\/ilan.tavsanli.bel.tr\/index.php\/wp-json\/wp\/v2\/tags?post=2505"}],"curies":[{"name":"wp","href":"https:\/\/api.w.org\/{rel}","templated":true}]}}