{"id":2503,"date":"2021-12-20T08:10:05","date_gmt":"2021-12-20T08:10:05","guid":{"rendered":"http:\/\/ilan.tavsanli.bel.tr\/?p=2503"},"modified":"2021-12-20T08:10:05","modified_gmt":"2021-12-20T08:10:05","slug":"2503","status":"publish","type":"post","link":"http:\/\/ilan.tavsanli.bel.tr\/index.php\/2021\/12\/20\/2503\/","title":{"rendered":""},"content":{"rendered":"\n<p>18.12.2021 CUMARTES\u0130 *** Merhum Ahmet Ta\u015fk\u0131n&#8217;\u0131n e\u015fi, a\u00e7\u0131k Ocak \u00e7al\u0131\u015fanlar\u0131ndan \u0130smail Ta\u015fk\u0131n&#8217;\u0131n annesi, Ahmet Bilgili ve \u015e\u00fckr\u00fc \u00c7evik&#8217;in kay\u0131nvalidesi, Halil, H\u00fcseyin ve H\u0131vs\u0131 Yi\u011fit&#8217;in ablas\u0131, AY\u015eE TA\u015eKIN vefat etmi\u015ftir. Cenazesi \u00f6\u011fle namaz\u0131n\u0131 m\u00fcteakip merkez yeni k\u00f6y mezarl\u0131\u011f\u0131na defnedilecektir. Merhumeye Allah&#8217;tan rahmet ailesine ve yak\u0131nlar\u0131na ba\u015fsa\u011fl\u0131\u011f\u0131 dileriz.<\/p>\n","protected":false},"excerpt":{"rendered":"<p>18.12.2021 CUMARTES\u0130 *** Merhum Ahmet Ta\u015fk\u0131n&#8217;\u0131n e\u015fi, a\u00e7\u0131k Ocak \u00e7al\u0131\u015fanlar\u0131ndan \u0130smail Ta\u015fk\u0131n&#8217;\u0131n annesi, Ahmet Bilgili ve \u015e\u00fckr\u00fc \u00c7evik&#8217;in kay\u0131nvalidesi, Halil, H\u00fcseyin ve H\u0131vs\u0131 Yi\u011fit&#8217;in ablas\u0131, AY\u015eE TA\u015eKIN vefat etmi\u015ftir. Cenazesi \u00f6\u011fle namaz\u0131n\u0131 m\u00fcteakip merkez yeni k\u00f6y mezarl\u0131\u011f\u0131na defnedilecektir. Merhumeye Allah&#8217;tan rahmet ailesine ve yak\u0131nlar\u0131na ba\u015fsa\u011fl\u0131\u011f\u0131 dileriz.<\/p>\n","protected":false},"author":5,"featured_media":0,"comment_status":"closed","ping_status":"","sticky":false,"template":"","format":"standard","meta":[],"categories":[2],"tags":[],"_links":{"self":[{"href":"http:\/\/ilan.tavsanli.bel.tr\/index.php\/wp-json\/wp\/v2\/posts\/2503"}],"collection":[{"href":"http:\/\/ilan.tavsanli.bel.tr\/index.php\/wp-json\/wp\/v2\/posts"}],"about":[{"href":"http:\/\/ilan.tavsanli.bel.tr\/index.php\/wp-json\/wp\/v2\/types\/post"}],"author":[{"embeddable":true,"href":"http:\/\/ilan.tavsanli.bel.tr\/index.php\/wp-json\/wp\/v2\/users\/5"}],"replies":[{"embeddable":true,"href":"http:\/\/ilan.tavsanli.bel.tr\/index.php\/wp-json\/wp\/v2\/comments?post=2503"}],"version-history":[{"count":1,"href":"http:\/\/ilan.tavsanli.bel.tr\/index.php\/wp-json\/wp\/v2\/posts\/2503\/revisions"}],"predecessor-version":[{"id":2504,"href":"http:\/\/ilan.tavsanli.bel.tr\/index.php\/wp-json\/wp\/v2\/posts\/2503\/revisions\/2504"}],"wp:attachment":[{"href":"http:\/\/ilan.tavsanli.bel.tr\/index.php\/wp-json\/wp\/v2\/media?parent=2503"}],"wp:term":[{"taxonomy":"category","embeddable":true,"href":"http:\/\/ilan.tavsanli.bel.tr\/index.php\/wp-json\/wp\/v2\/categories?post=2503"},{"taxonomy":"post_tag","embeddable":true,"href":"http:\/\/ilan.tavsanli.bel.tr\/index.php\/wp-json\/wp\/v2\/tags?post=2503"}],"curies":[{"name":"wp","href":"https:\/\/api.w.org\/{rel}","templated":true}]}}