{"id":2499,"date":"2021-12-17T13:12:11","date_gmt":"2021-12-17T13:12:11","guid":{"rendered":"http:\/\/ilan.tavsanli.bel.tr\/?p=2499"},"modified":"2021-12-17T13:12:11","modified_gmt":"2021-12-17T13:12:11","slug":"2499","status":"publish","type":"post","link":"http:\/\/ilan.tavsanli.bel.tr\/index.php\/2021\/12\/17\/2499\/","title":{"rendered":""},"content":{"rendered":"\n<p><strong>17.12.2021 CUMA<\/strong> *** <strong>G\u00fcnl\u00fcce k\u00f6y\u00fcnden Hatice \u00d6vez\u2019in e\u015fi, Mehmet, S\u00fcleyman, Umuhan, Neslihan, Ay\u015fe, merhum Osman ve merhum \u0130brahim \u00d6vez\u2019in babalar\u0131, merhum \u0130brahim Atasever, Halil \u00c7elebi ve Arif Zeybek\u2019in kay\u0131npederi, AL\u0130 \u00d6VEZ vefat etmi\u015ftir cenazesi saat 17:00 da Tav\u015fanl\u0131 mezarl\u0131\u011f\u0131na defnedilecektir. Merhuma Allah\u2019tan rahmet ailesine ve yak\u0131nlar\u0131na ba\u015fsa\u011fl\u0131\u011f\u0131 dileriz<\/strong><\/p>\n","protected":false},"excerpt":{"rendered":"<p>17.12.2021 CUMA *** G\u00fcnl\u00fcce k\u00f6y\u00fcnden Hatice \u00d6vez\u2019in e\u015fi, Mehmet, S\u00fcleyman, Umuhan, Neslihan, Ay\u015fe, merhum Osman ve merhum \u0130brahim \u00d6vez\u2019in babalar\u0131, merhum \u0130brahim Atasever, Halil \u00c7elebi ve Arif Zeybek\u2019in kay\u0131npederi, AL\u0130 \u00d6VEZ vefat etmi\u015ftir cenazesi saat 17:00 da Tav\u015fanl\u0131 mezarl\u0131\u011f\u0131na defnedilecektir. Merhuma Allah\u2019tan rahmet ailesine ve yak\u0131nlar\u0131na ba\u015fsa\u011fl\u0131\u011f\u0131 dileriz<\/p>\n","protected":false},"author":5,"featured_media":0,"comment_status":"closed","ping_status":"","sticky":false,"template":"","format":"standard","meta":[],"categories":[4],"tags":[],"_links":{"self":[{"href":"http:\/\/ilan.tavsanli.bel.tr\/index.php\/wp-json\/wp\/v2\/posts\/2499"}],"collection":[{"href":"http:\/\/ilan.tavsanli.bel.tr\/index.php\/wp-json\/wp\/v2\/posts"}],"about":[{"href":"http:\/\/ilan.tavsanli.bel.tr\/index.php\/wp-json\/wp\/v2\/types\/post"}],"author":[{"embeddable":true,"href":"http:\/\/ilan.tavsanli.bel.tr\/index.php\/wp-json\/wp\/v2\/users\/5"}],"replies":[{"embeddable":true,"href":"http:\/\/ilan.tavsanli.bel.tr\/index.php\/wp-json\/wp\/v2\/comments?post=2499"}],"version-history":[{"count":1,"href":"http:\/\/ilan.tavsanli.bel.tr\/index.php\/wp-json\/wp\/v2\/posts\/2499\/revisions"}],"predecessor-version":[{"id":2500,"href":"http:\/\/ilan.tavsanli.bel.tr\/index.php\/wp-json\/wp\/v2\/posts\/2499\/revisions\/2500"}],"wp:attachment":[{"href":"http:\/\/ilan.tavsanli.bel.tr\/index.php\/wp-json\/wp\/v2\/media?parent=2499"}],"wp:term":[{"taxonomy":"category","embeddable":true,"href":"http:\/\/ilan.tavsanli.bel.tr\/index.php\/wp-json\/wp\/v2\/categories?post=2499"},{"taxonomy":"post_tag","embeddable":true,"href":"http:\/\/ilan.tavsanli.bel.tr\/index.php\/wp-json\/wp\/v2\/tags?post=2499"}],"curies":[{"name":"wp","href":"https:\/\/api.w.org\/{rel}","templated":true}]}}