{"id":2497,"date":"2021-12-17T08:12:19","date_gmt":"2021-12-17T08:12:19","guid":{"rendered":"http:\/\/ilan.tavsanli.bel.tr\/?p=2497"},"modified":"2021-12-17T08:12:19","modified_gmt":"2021-12-17T08:12:19","slug":"2497","status":"publish","type":"post","link":"http:\/\/ilan.tavsanli.bel.tr\/index.php\/2021\/12\/17\/2497\/","title":{"rendered":""},"content":{"rendered":"\n<p><strong>17.12.2021 CUMA<\/strong> *** <strong>\u015eapc\u0131 k\u00f6y\u00fcnden Mehmet Kaya\u2019n\u0131n e\u015fi, Ahmet Kaya\u2019n\u0131n annesi, Mehmet K\u00f6se, Ahmet G\u00fcng\u00f6r ve Kurtulu\u015f Bak\u0131r\u2019\u0131n kay\u0131nvalidesi, EM\u0130NE KAYA vefat etmi\u015ftir. Cenazesi Cuma namaz\u0131n\u0131 m\u00fcteakip \u015fapc\u0131 k\u00f6y\u00fc mezarl\u0131\u011f\u0131na defnedilecektir. Merhumeye Allah\u2019tan rahmet ailesine ve yak\u0131nlar\u0131na ba\u015fsa\u011fl\u0131\u011f\u0131 dileriz.<\/strong><\/p>\n\n\n\n<p><\/p>\n","protected":false},"excerpt":{"rendered":"<p>17.12.2021 CUMA *** \u015eapc\u0131 k\u00f6y\u00fcnden Mehmet Kaya\u2019n\u0131n e\u015fi, Ahmet Kaya\u2019n\u0131n annesi, Mehmet K\u00f6se, Ahmet G\u00fcng\u00f6r ve Kurtulu\u015f Bak\u0131r\u2019\u0131n kay\u0131nvalidesi, EM\u0130NE KAYA vefat etmi\u015ftir. Cenazesi Cuma namaz\u0131n\u0131 m\u00fcteakip \u015fapc\u0131 k\u00f6y\u00fc mezarl\u0131\u011f\u0131na defnedilecektir. Merhumeye Allah\u2019tan rahmet ailesine ve yak\u0131nlar\u0131na ba\u015fsa\u011fl\u0131\u011f\u0131 dileriz.<\/p>\n","protected":false},"author":5,"featured_media":0,"comment_status":"closed","ping_status":"","sticky":false,"template":"","format":"standard","meta":[],"categories":[2],"tags":[],"_links":{"self":[{"href":"http:\/\/ilan.tavsanli.bel.tr\/index.php\/wp-json\/wp\/v2\/posts\/2497"}],"collection":[{"href":"http:\/\/ilan.tavsanli.bel.tr\/index.php\/wp-json\/wp\/v2\/posts"}],"about":[{"href":"http:\/\/ilan.tavsanli.bel.tr\/index.php\/wp-json\/wp\/v2\/types\/post"}],"author":[{"embeddable":true,"href":"http:\/\/ilan.tavsanli.bel.tr\/index.php\/wp-json\/wp\/v2\/users\/5"}],"replies":[{"embeddable":true,"href":"http:\/\/ilan.tavsanli.bel.tr\/index.php\/wp-json\/wp\/v2\/comments?post=2497"}],"version-history":[{"count":1,"href":"http:\/\/ilan.tavsanli.bel.tr\/index.php\/wp-json\/wp\/v2\/posts\/2497\/revisions"}],"predecessor-version":[{"id":2498,"href":"http:\/\/ilan.tavsanli.bel.tr\/index.php\/wp-json\/wp\/v2\/posts\/2497\/revisions\/2498"}],"wp:attachment":[{"href":"http:\/\/ilan.tavsanli.bel.tr\/index.php\/wp-json\/wp\/v2\/media?parent=2497"}],"wp:term":[{"taxonomy":"category","embeddable":true,"href":"http:\/\/ilan.tavsanli.bel.tr\/index.php\/wp-json\/wp\/v2\/categories?post=2497"},{"taxonomy":"post_tag","embeddable":true,"href":"http:\/\/ilan.tavsanli.bel.tr\/index.php\/wp-json\/wp\/v2\/tags?post=2497"}],"curies":[{"name":"wp","href":"https:\/\/api.w.org\/{rel}","templated":true}]}}