{"id":2481,"date":"2021-12-16T12:23:38","date_gmt":"2021-12-16T12:23:38","guid":{"rendered":"http:\/\/ilan.tavsanli.bel.tr\/?p=2481"},"modified":"2021-12-16T12:23:38","modified_gmt":"2021-12-16T12:23:38","slug":"2481","status":"publish","type":"post","link":"http:\/\/ilan.tavsanli.bel.tr\/index.php\/2021\/12\/16\/2481\/","title":{"rendered":""},"content":{"rendered":"\n<p>13.12.2021 PAZARTES\u0130 *** Sar\u0131ot k\u00f6y\u00fcnden G.L.\u0130 emeklisi merhum Himmet G\u00fcnd\u00fcz\u2019\u00fcn e\u015fi, Saide \u00c7\u0131narl\u0131\u2019n\u0131n annesi, \u0130brahim \u00c7\u0131narl\u0131\u2019n\u0131n kay\u0131nvalidesi, FEVZ\u0130YE G\u00dcND\u00dcZ vefat etmi\u015ftir. Cenazesi saat 12:00 da Tav\u015fanl\u0131 mezarl\u0131\u011f\u0131na defnedilecektir. Merhuma Allah\u2019tan rahmet ailesine ve yak\u0131nlar\u0131na ba\u015fsa\u011fl\u0131\u011f\u0131 dileriz.<\/p>\n","protected":false},"excerpt":{"rendered":"<p>13.12.2021 PAZARTES\u0130 *** Sar\u0131ot k\u00f6y\u00fcnden G.L.\u0130 emeklisi merhum Himmet G\u00fcnd\u00fcz\u2019\u00fcn e\u015fi, Saide \u00c7\u0131narl\u0131\u2019n\u0131n annesi, \u0130brahim \u00c7\u0131narl\u0131\u2019n\u0131n kay\u0131nvalidesi, FEVZ\u0130YE G\u00dcND\u00dcZ vefat etmi\u015ftir. Cenazesi saat 12:00 da Tav\u015fanl\u0131 mezarl\u0131\u011f\u0131na defnedilecektir. Merhuma Allah\u2019tan rahmet ailesine ve yak\u0131nlar\u0131na ba\u015fsa\u011fl\u0131\u011f\u0131 dileriz.<\/p>\n","protected":false},"author":5,"featured_media":0,"comment_status":"closed","ping_status":"","sticky":false,"template":"","format":"standard","meta":[],"categories":[2],"tags":[],"_links":{"self":[{"href":"http:\/\/ilan.tavsanli.bel.tr\/index.php\/wp-json\/wp\/v2\/posts\/2481"}],"collection":[{"href":"http:\/\/ilan.tavsanli.bel.tr\/index.php\/wp-json\/wp\/v2\/posts"}],"about":[{"href":"http:\/\/ilan.tavsanli.bel.tr\/index.php\/wp-json\/wp\/v2\/types\/post"}],"author":[{"embeddable":true,"href":"http:\/\/ilan.tavsanli.bel.tr\/index.php\/wp-json\/wp\/v2\/users\/5"}],"replies":[{"embeddable":true,"href":"http:\/\/ilan.tavsanli.bel.tr\/index.php\/wp-json\/wp\/v2\/comments?post=2481"}],"version-history":[{"count":1,"href":"http:\/\/ilan.tavsanli.bel.tr\/index.php\/wp-json\/wp\/v2\/posts\/2481\/revisions"}],"predecessor-version":[{"id":2482,"href":"http:\/\/ilan.tavsanli.bel.tr\/index.php\/wp-json\/wp\/v2\/posts\/2481\/revisions\/2482"}],"wp:attachment":[{"href":"http:\/\/ilan.tavsanli.bel.tr\/index.php\/wp-json\/wp\/v2\/media?parent=2481"}],"wp:term":[{"taxonomy":"category","embeddable":true,"href":"http:\/\/ilan.tavsanli.bel.tr\/index.php\/wp-json\/wp\/v2\/categories?post=2481"},{"taxonomy":"post_tag","embeddable":true,"href":"http:\/\/ilan.tavsanli.bel.tr\/index.php\/wp-json\/wp\/v2\/tags?post=2481"}],"curies":[{"name":"wp","href":"https:\/\/api.w.org\/{rel}","templated":true}]}}