{"id":2479,"date":"2021-12-16T12:23:19","date_gmt":"2021-12-16T12:23:19","guid":{"rendered":"http:\/\/ilan.tavsanli.bel.tr\/?p=2479"},"modified":"2021-12-16T12:23:19","modified_gmt":"2021-12-16T12:23:19","slug":"2479","status":"publish","type":"post","link":"http:\/\/ilan.tavsanli.bel.tr\/index.php\/2021\/12\/16\/2479\/","title":{"rendered":""},"content":{"rendered":"\n<p>12.12.2021 PAZAR *** Simav Da\u011fard\u0131 Toklar k\u00f6y\u00fcnden Park Teknikden emekli Himmet ve \u0130mam Hatip Lisesi \u00d6\u011fretmenlerinden \u015e\u00fckr\u00fc Evren&#8217;in Babalar\u0131, Ali Acar&#8217;\u0131n Kay\u0131npederi S\u00dcLEYMAN EVREN vefat etmi\u015ftir. Cenazesi \u00d6\u011fle namaz\u0131n\u0131 m\u00fcteakkip Toklar k\u00f6y\u00fc mezarl\u0131\u011f\u0131na defnedilecektir. Merhuma Allah&#8217;tan rahmet ailesi ve yak\u0131nlar\u0131na ba\u015f sa\u011fl\u0131\u011f\u0131 dileriz.<\/p>\n","protected":false},"excerpt":{"rendered":"<p>12.12.2021 PAZAR *** Simav Da\u011fard\u0131 Toklar k\u00f6y\u00fcnden Park Teknikden emekli Himmet ve \u0130mam Hatip Lisesi \u00d6\u011fretmenlerinden \u015e\u00fckr\u00fc Evren&#8217;in Babalar\u0131, Ali Acar&#8217;\u0131n Kay\u0131npederi S\u00dcLEYMAN EVREN vefat etmi\u015ftir. Cenazesi \u00d6\u011fle namaz\u0131n\u0131 m\u00fcteakkip Toklar k\u00f6y\u00fc mezarl\u0131\u011f\u0131na defnedilecektir. Merhuma Allah&#8217;tan rahmet ailesi ve yak\u0131nlar\u0131na ba\u015f sa\u011fl\u0131\u011f\u0131 dileriz.<\/p>\n","protected":false},"author":5,"featured_media":0,"comment_status":"closed","ping_status":"","sticky":false,"template":"","format":"standard","meta":[],"categories":[2],"tags":[],"_links":{"self":[{"href":"http:\/\/ilan.tavsanli.bel.tr\/index.php\/wp-json\/wp\/v2\/posts\/2479"}],"collection":[{"href":"http:\/\/ilan.tavsanli.bel.tr\/index.php\/wp-json\/wp\/v2\/posts"}],"about":[{"href":"http:\/\/ilan.tavsanli.bel.tr\/index.php\/wp-json\/wp\/v2\/types\/post"}],"author":[{"embeddable":true,"href":"http:\/\/ilan.tavsanli.bel.tr\/index.php\/wp-json\/wp\/v2\/users\/5"}],"replies":[{"embeddable":true,"href":"http:\/\/ilan.tavsanli.bel.tr\/index.php\/wp-json\/wp\/v2\/comments?post=2479"}],"version-history":[{"count":1,"href":"http:\/\/ilan.tavsanli.bel.tr\/index.php\/wp-json\/wp\/v2\/posts\/2479\/revisions"}],"predecessor-version":[{"id":2480,"href":"http:\/\/ilan.tavsanli.bel.tr\/index.php\/wp-json\/wp\/v2\/posts\/2479\/revisions\/2480"}],"wp:attachment":[{"href":"http:\/\/ilan.tavsanli.bel.tr\/index.php\/wp-json\/wp\/v2\/media?parent=2479"}],"wp:term":[{"taxonomy":"category","embeddable":true,"href":"http:\/\/ilan.tavsanli.bel.tr\/index.php\/wp-json\/wp\/v2\/categories?post=2479"},{"taxonomy":"post_tag","embeddable":true,"href":"http:\/\/ilan.tavsanli.bel.tr\/index.php\/wp-json\/wp\/v2\/tags?post=2479"}],"curies":[{"name":"wp","href":"https:\/\/api.w.org\/{rel}","templated":true}]}}