{"id":2477,"date":"2021-12-16T12:23:02","date_gmt":"2021-12-16T12:23:02","guid":{"rendered":"http:\/\/ilan.tavsanli.bel.tr\/?p=2477"},"modified":"2021-12-16T12:23:02","modified_gmt":"2021-12-16T12:23:02","slug":"2477","status":"publish","type":"post","link":"http:\/\/ilan.tavsanli.bel.tr\/index.php\/2021\/12\/16\/2477\/","title":{"rendered":""},"content":{"rendered":"\n<p>12.12.2021 PAZAR *** Arslanapa Bayram\u015fah K\u00f6y\u00fcnden Mustafa Ert\u00fcm\u00fcr&#8217;\u00fcn o\u011flu, Mustafa ve Tuncay Ert\u00fcm\u00fcr&#8217;\u00fcn Babalar\u0131, MEHMET ERT\u00dcM\u00dcR vefat etmi\u015ftir. Cenazesi \u00d6\u011fle namaz\u0131n\u0131 m\u00fcteakkip \u00c7ukurk\u00f6y Mahallesi mezarl\u0131\u011f\u0131na defnedilecektir. Merhuma Allah&#8217;tan rahmet ailesi ve yak\u0131nlar\u0131na ba\u015f sa\u011fl\u0131\u011f\u0131 dileriz.<\/p>\n","protected":false},"excerpt":{"rendered":"<p>12.12.2021 PAZAR *** Arslanapa Bayram\u015fah K\u00f6y\u00fcnden Mustafa Ert\u00fcm\u00fcr&#8217;\u00fcn o\u011flu, Mustafa ve Tuncay Ert\u00fcm\u00fcr&#8217;\u00fcn Babalar\u0131, MEHMET ERT\u00dcM\u00dcR vefat etmi\u015ftir. Cenazesi \u00d6\u011fle namaz\u0131n\u0131 m\u00fcteakkip \u00c7ukurk\u00f6y Mahallesi mezarl\u0131\u011f\u0131na defnedilecektir. Merhuma Allah&#8217;tan rahmet ailesi ve yak\u0131nlar\u0131na ba\u015f sa\u011fl\u0131\u011f\u0131 dileriz.<\/p>\n","protected":false},"author":5,"featured_media":0,"comment_status":"closed","ping_status":"","sticky":false,"template":"","format":"standard","meta":[],"categories":[2],"tags":[],"_links":{"self":[{"href":"http:\/\/ilan.tavsanli.bel.tr\/index.php\/wp-json\/wp\/v2\/posts\/2477"}],"collection":[{"href":"http:\/\/ilan.tavsanli.bel.tr\/index.php\/wp-json\/wp\/v2\/posts"}],"about":[{"href":"http:\/\/ilan.tavsanli.bel.tr\/index.php\/wp-json\/wp\/v2\/types\/post"}],"author":[{"embeddable":true,"href":"http:\/\/ilan.tavsanli.bel.tr\/index.php\/wp-json\/wp\/v2\/users\/5"}],"replies":[{"embeddable":true,"href":"http:\/\/ilan.tavsanli.bel.tr\/index.php\/wp-json\/wp\/v2\/comments?post=2477"}],"version-history":[{"count":1,"href":"http:\/\/ilan.tavsanli.bel.tr\/index.php\/wp-json\/wp\/v2\/posts\/2477\/revisions"}],"predecessor-version":[{"id":2478,"href":"http:\/\/ilan.tavsanli.bel.tr\/index.php\/wp-json\/wp\/v2\/posts\/2477\/revisions\/2478"}],"wp:attachment":[{"href":"http:\/\/ilan.tavsanli.bel.tr\/index.php\/wp-json\/wp\/v2\/media?parent=2477"}],"wp:term":[{"taxonomy":"category","embeddable":true,"href":"http:\/\/ilan.tavsanli.bel.tr\/index.php\/wp-json\/wp\/v2\/categories?post=2477"},{"taxonomy":"post_tag","embeddable":true,"href":"http:\/\/ilan.tavsanli.bel.tr\/index.php\/wp-json\/wp\/v2\/tags?post=2477"}],"curies":[{"name":"wp","href":"https:\/\/api.w.org\/{rel}","templated":true}]}}