{"id":2467,"date":"2021-12-16T12:21:08","date_gmt":"2021-12-16T12:21:08","guid":{"rendered":"http:\/\/ilan.tavsanli.bel.tr\/?p=2467"},"modified":"2021-12-16T12:21:08","modified_gmt":"2021-12-16T12:21:08","slug":"2467","status":"publish","type":"post","link":"http:\/\/ilan.tavsanli.bel.tr\/index.php\/2021\/12\/16\/2467\/","title":{"rendered":""},"content":{"rendered":"\n<p>11.12.2021 CUMARTES\u0130 *** \u015eenlik ablum K\u00f6y\u00fcnden Hasan \u00d6zer&#8217;in e\u015fi, Mehmet Emin \u00d6zer&#8217;in annesi, G.L.\u0130 emekli i\u015f\u00e7ilerinden Dursun \u00c7etin&#8217;in Kay\u0131nvalidesi SA\u0130DE \u00d6ZER vefat etmi\u015ftir. Cenazesi \u00d6\u011fle namaz\u0131n\u0131 m\u00fcteakkip \u015eenlik K\u00f6y\u00fc mezarl\u0131\u011f\u0131na defnedilecektir. Merhumeye Allah&#8217;tan rahmet ailesi ve yak\u0131nlar\u0131na ba\u015f sa\u011fl\u0131\u011f\u0131 dileriz.<\/p>\n","protected":false},"excerpt":{"rendered":"<p>11.12.2021 CUMARTES\u0130 *** \u015eenlik ablum K\u00f6y\u00fcnden Hasan \u00d6zer&#8217;in e\u015fi, Mehmet Emin \u00d6zer&#8217;in annesi, G.L.\u0130 emekli i\u015f\u00e7ilerinden Dursun \u00c7etin&#8217;in Kay\u0131nvalidesi SA\u0130DE \u00d6ZER vefat etmi\u015ftir. Cenazesi \u00d6\u011fle namaz\u0131n\u0131 m\u00fcteakkip \u015eenlik K\u00f6y\u00fc mezarl\u0131\u011f\u0131na defnedilecektir. Merhumeye Allah&#8217;tan rahmet ailesi ve yak\u0131nlar\u0131na ba\u015f sa\u011fl\u0131\u011f\u0131 dileriz.<\/p>\n","protected":false},"author":5,"featured_media":0,"comment_status":"closed","ping_status":"","sticky":false,"template":"","format":"standard","meta":[],"categories":[2],"tags":[],"_links":{"self":[{"href":"http:\/\/ilan.tavsanli.bel.tr\/index.php\/wp-json\/wp\/v2\/posts\/2467"}],"collection":[{"href":"http:\/\/ilan.tavsanli.bel.tr\/index.php\/wp-json\/wp\/v2\/posts"}],"about":[{"href":"http:\/\/ilan.tavsanli.bel.tr\/index.php\/wp-json\/wp\/v2\/types\/post"}],"author":[{"embeddable":true,"href":"http:\/\/ilan.tavsanli.bel.tr\/index.php\/wp-json\/wp\/v2\/users\/5"}],"replies":[{"embeddable":true,"href":"http:\/\/ilan.tavsanli.bel.tr\/index.php\/wp-json\/wp\/v2\/comments?post=2467"}],"version-history":[{"count":1,"href":"http:\/\/ilan.tavsanli.bel.tr\/index.php\/wp-json\/wp\/v2\/posts\/2467\/revisions"}],"predecessor-version":[{"id":2468,"href":"http:\/\/ilan.tavsanli.bel.tr\/index.php\/wp-json\/wp\/v2\/posts\/2467\/revisions\/2468"}],"wp:attachment":[{"href":"http:\/\/ilan.tavsanli.bel.tr\/index.php\/wp-json\/wp\/v2\/media?parent=2467"}],"wp:term":[{"taxonomy":"category","embeddable":true,"href":"http:\/\/ilan.tavsanli.bel.tr\/index.php\/wp-json\/wp\/v2\/categories?post=2467"},{"taxonomy":"post_tag","embeddable":true,"href":"http:\/\/ilan.tavsanli.bel.tr\/index.php\/wp-json\/wp\/v2\/tags?post=2467"}],"curies":[{"name":"wp","href":"https:\/\/api.w.org\/{rel}","templated":true}]}}