{"id":2457,"date":"2021-12-16T12:19:28","date_gmt":"2021-12-16T12:19:28","guid":{"rendered":"http:\/\/ilan.tavsanli.bel.tr\/?p=2457"},"modified":"2021-12-16T12:19:28","modified_gmt":"2021-12-16T12:19:28","slug":"2457","status":"publish","type":"post","link":"http:\/\/ilan.tavsanli.bel.tr\/index.php\/2021\/12\/16\/2457\/","title":{"rendered":""},"content":{"rendered":"\n<p>10.12.2021 CUMA *** Karg\u0131l\u0131 k\u00f6y\u00fcnden merhum Ahmet R\u0131za ve Rahime Ba\u015f\u2019\u0131n o\u011f\u015flu, Fatma Ba\u015f\u2019\u0131n e\u015fi, Mustafa, H\u00fcseyin ve \u0130smail Ba\u015f\u2019\u0131n karde\u015fi, Ramazan Ba\u015f\u2019\u0131n babas\u0131, S\u00dcLEYMAN BA\u015e vefat etmi\u015ftir. Cenazesi ikindi namaz\u0131n\u0131 m\u00fcteakip Karg\u0131l\u0131 k\u00f6y\u00fc mezarl\u0131\u011f\u0131na defnedilecektir. Merhuma Allah\u2019tan rahmet ailesine ve yak\u0131nlar\u0131na ba\u015fsa\u011fl\u0131\u011f\u0131 dileriz.<\/p>\n","protected":false},"excerpt":{"rendered":"<p>10.12.2021 CUMA *** Karg\u0131l\u0131 k\u00f6y\u00fcnden merhum Ahmet R\u0131za ve Rahime Ba\u015f\u2019\u0131n o\u011f\u015flu, Fatma Ba\u015f\u2019\u0131n e\u015fi, Mustafa, H\u00fcseyin ve \u0130smail Ba\u015f\u2019\u0131n karde\u015fi, Ramazan Ba\u015f\u2019\u0131n babas\u0131, S\u00dcLEYMAN BA\u015e vefat etmi\u015ftir. Cenazesi ikindi namaz\u0131n\u0131 m\u00fcteakip Karg\u0131l\u0131 k\u00f6y\u00fc mezarl\u0131\u011f\u0131na defnedilecektir. Merhuma Allah\u2019tan rahmet ailesine ve yak\u0131nlar\u0131na ba\u015fsa\u011fl\u0131\u011f\u0131 dileriz.<\/p>\n","protected":false},"author":5,"featured_media":0,"comment_status":"closed","ping_status":"","sticky":false,"template":"","format":"standard","meta":[],"categories":[2],"tags":[],"_links":{"self":[{"href":"http:\/\/ilan.tavsanli.bel.tr\/index.php\/wp-json\/wp\/v2\/posts\/2457"}],"collection":[{"href":"http:\/\/ilan.tavsanli.bel.tr\/index.php\/wp-json\/wp\/v2\/posts"}],"about":[{"href":"http:\/\/ilan.tavsanli.bel.tr\/index.php\/wp-json\/wp\/v2\/types\/post"}],"author":[{"embeddable":true,"href":"http:\/\/ilan.tavsanli.bel.tr\/index.php\/wp-json\/wp\/v2\/users\/5"}],"replies":[{"embeddable":true,"href":"http:\/\/ilan.tavsanli.bel.tr\/index.php\/wp-json\/wp\/v2\/comments?post=2457"}],"version-history":[{"count":1,"href":"http:\/\/ilan.tavsanli.bel.tr\/index.php\/wp-json\/wp\/v2\/posts\/2457\/revisions"}],"predecessor-version":[{"id":2458,"href":"http:\/\/ilan.tavsanli.bel.tr\/index.php\/wp-json\/wp\/v2\/posts\/2457\/revisions\/2458"}],"wp:attachment":[{"href":"http:\/\/ilan.tavsanli.bel.tr\/index.php\/wp-json\/wp\/v2\/media?parent=2457"}],"wp:term":[{"taxonomy":"category","embeddable":true,"href":"http:\/\/ilan.tavsanli.bel.tr\/index.php\/wp-json\/wp\/v2\/categories?post=2457"},{"taxonomy":"post_tag","embeddable":true,"href":"http:\/\/ilan.tavsanli.bel.tr\/index.php\/wp-json\/wp\/v2\/tags?post=2457"}],"curies":[{"name":"wp","href":"https:\/\/api.w.org\/{rel}","templated":true}]}}