{"id":2453,"date":"2021-12-16T12:18:43","date_gmt":"2021-12-16T12:18:43","guid":{"rendered":"http:\/\/ilan.tavsanli.bel.tr\/?p=2453"},"modified":"2021-12-16T12:18:43","modified_gmt":"2021-12-16T12:18:43","slug":"2453","status":"publish","type":"post","link":"http:\/\/ilan.tavsanli.bel.tr\/index.php\/2021\/12\/16\/2453\/","title":{"rendered":""},"content":{"rendered":"\n<p>09.12.2021 PER\u015eEMBE *** Merhum Emin Kocaba\u015f\u2019\u0131n e\u015fi, Ali \u00c7a\u011flar, Akaylar \u00e7al\u0131\u015fan\u0131 Kenan \u015eahin ve Seyit\u00f6mer k\u00f6m\u00fcr i\u015fletmeleri emeklisi Abdullah Kayal\u0131\u2019n\u0131n kay\u0131nvalidesi HAT\u0130CE KOCABA\u015e vefat etmi\u015ftir. Cenazesi \u00f6\u011fle namaz\u0131n\u0131 m\u00fcteakip \u00f6merbey mahallesi mezarl\u0131\u011f\u0131na defnedilecektir. Merhumeye Allah\u2019tan rahmet ailesine ve yak\u0131nlar\u0131na ba\u015fsa\u011fl\u0131\u011f\u0131 dileriz.<\/p>\n","protected":false},"excerpt":{"rendered":"<p>09.12.2021 PER\u015eEMBE *** Merhum Emin Kocaba\u015f\u2019\u0131n e\u015fi, Ali \u00c7a\u011flar, Akaylar \u00e7al\u0131\u015fan\u0131 Kenan \u015eahin ve Seyit\u00f6mer k\u00f6m\u00fcr i\u015fletmeleri emeklisi Abdullah Kayal\u0131\u2019n\u0131n kay\u0131nvalidesi HAT\u0130CE KOCABA\u015e vefat etmi\u015ftir. Cenazesi \u00f6\u011fle namaz\u0131n\u0131 m\u00fcteakip \u00f6merbey mahallesi mezarl\u0131\u011f\u0131na defnedilecektir. Merhumeye Allah\u2019tan rahmet ailesine ve yak\u0131nlar\u0131na ba\u015fsa\u011fl\u0131\u011f\u0131 dileriz.<\/p>\n","protected":false},"author":5,"featured_media":0,"comment_status":"closed","ping_status":"","sticky":false,"template":"","format":"standard","meta":[],"categories":[2],"tags":[],"_links":{"self":[{"href":"http:\/\/ilan.tavsanli.bel.tr\/index.php\/wp-json\/wp\/v2\/posts\/2453"}],"collection":[{"href":"http:\/\/ilan.tavsanli.bel.tr\/index.php\/wp-json\/wp\/v2\/posts"}],"about":[{"href":"http:\/\/ilan.tavsanli.bel.tr\/index.php\/wp-json\/wp\/v2\/types\/post"}],"author":[{"embeddable":true,"href":"http:\/\/ilan.tavsanli.bel.tr\/index.php\/wp-json\/wp\/v2\/users\/5"}],"replies":[{"embeddable":true,"href":"http:\/\/ilan.tavsanli.bel.tr\/index.php\/wp-json\/wp\/v2\/comments?post=2453"}],"version-history":[{"count":1,"href":"http:\/\/ilan.tavsanli.bel.tr\/index.php\/wp-json\/wp\/v2\/posts\/2453\/revisions"}],"predecessor-version":[{"id":2454,"href":"http:\/\/ilan.tavsanli.bel.tr\/index.php\/wp-json\/wp\/v2\/posts\/2453\/revisions\/2454"}],"wp:attachment":[{"href":"http:\/\/ilan.tavsanli.bel.tr\/index.php\/wp-json\/wp\/v2\/media?parent=2453"}],"wp:term":[{"taxonomy":"category","embeddable":true,"href":"http:\/\/ilan.tavsanli.bel.tr\/index.php\/wp-json\/wp\/v2\/categories?post=2453"},{"taxonomy":"post_tag","embeddable":true,"href":"http:\/\/ilan.tavsanli.bel.tr\/index.php\/wp-json\/wp\/v2\/tags?post=2453"}],"curies":[{"name":"wp","href":"https:\/\/api.w.org\/{rel}","templated":true}]}}