{"id":2451,"date":"2021-12-16T12:18:22","date_gmt":"2021-12-16T12:18:22","guid":{"rendered":"http:\/\/ilan.tavsanli.bel.tr\/?p=2451"},"modified":"2021-12-16T12:18:22","modified_gmt":"2021-12-16T12:18:22","slug":"2451","status":"publish","type":"post","link":"http:\/\/ilan.tavsanli.bel.tr\/index.php\/2021\/12\/16\/2451\/","title":{"rendered":""},"content":{"rendered":"\n<p>09.12.2021 PER\u015eEMBE *** Nusretler k\u00f6y\u00fcnden merhum Ramazan A\u015f\u0131rt\u2019\u0131n e\u015fi, H\u00fcseyin, Aynur ve Nuray A\u015f\u0131rt\u2019\u0131n anneleri, Veli, merhum Ali ve Recep Demirci\u2019nin karde\u015fi EM\u0130NE A\u015eIRT vefat etmi\u015ftir. Cenazesi Saat 12:00 da Tav\u015fanl\u0131 mezarl\u0131\u011f\u0131na defnedilecektir. Merhumeye Allah\u2019tan rahmet ailesine ve yak\u0131nlar\u0131na ba\u015fsa\u011fl\u0131\u011f\u0131 dileriz.<\/p>\n","protected":false},"excerpt":{"rendered":"<p>09.12.2021 PER\u015eEMBE *** Nusretler k\u00f6y\u00fcnden merhum Ramazan A\u015f\u0131rt\u2019\u0131n e\u015fi, H\u00fcseyin, Aynur ve Nuray A\u015f\u0131rt\u2019\u0131n anneleri, Veli, merhum Ali ve Recep Demirci\u2019nin karde\u015fi EM\u0130NE A\u015eIRT vefat etmi\u015ftir. Cenazesi Saat 12:00 da Tav\u015fanl\u0131 mezarl\u0131\u011f\u0131na defnedilecektir. Merhumeye Allah\u2019tan rahmet ailesine ve yak\u0131nlar\u0131na ba\u015fsa\u011fl\u0131\u011f\u0131 dileriz.<\/p>\n","protected":false},"author":5,"featured_media":0,"comment_status":"closed","ping_status":"","sticky":false,"template":"","format":"standard","meta":[],"categories":[2],"tags":[],"_links":{"self":[{"href":"http:\/\/ilan.tavsanli.bel.tr\/index.php\/wp-json\/wp\/v2\/posts\/2451"}],"collection":[{"href":"http:\/\/ilan.tavsanli.bel.tr\/index.php\/wp-json\/wp\/v2\/posts"}],"about":[{"href":"http:\/\/ilan.tavsanli.bel.tr\/index.php\/wp-json\/wp\/v2\/types\/post"}],"author":[{"embeddable":true,"href":"http:\/\/ilan.tavsanli.bel.tr\/index.php\/wp-json\/wp\/v2\/users\/5"}],"replies":[{"embeddable":true,"href":"http:\/\/ilan.tavsanli.bel.tr\/index.php\/wp-json\/wp\/v2\/comments?post=2451"}],"version-history":[{"count":1,"href":"http:\/\/ilan.tavsanli.bel.tr\/index.php\/wp-json\/wp\/v2\/posts\/2451\/revisions"}],"predecessor-version":[{"id":2452,"href":"http:\/\/ilan.tavsanli.bel.tr\/index.php\/wp-json\/wp\/v2\/posts\/2451\/revisions\/2452"}],"wp:attachment":[{"href":"http:\/\/ilan.tavsanli.bel.tr\/index.php\/wp-json\/wp\/v2\/media?parent=2451"}],"wp:term":[{"taxonomy":"category","embeddable":true,"href":"http:\/\/ilan.tavsanli.bel.tr\/index.php\/wp-json\/wp\/v2\/categories?post=2451"},{"taxonomy":"post_tag","embeddable":true,"href":"http:\/\/ilan.tavsanli.bel.tr\/index.php\/wp-json\/wp\/v2\/tags?post=2451"}],"curies":[{"name":"wp","href":"https:\/\/api.w.org\/{rel}","templated":true}]}}