{"id":2435,"date":"2021-12-16T12:15:38","date_gmt":"2021-12-16T12:15:38","guid":{"rendered":"http:\/\/ilan.tavsanli.bel.tr\/?p=2435"},"modified":"2021-12-16T12:15:38","modified_gmt":"2021-12-16T12:15:38","slug":"2435","status":"publish","type":"post","link":"http:\/\/ilan.tavsanli.bel.tr\/index.php\/2021\/12\/16\/2435\/","title":{"rendered":""},"content":{"rendered":"\n<p>06.12.2021 PAZARTES\u0130 *** Bal\u0131k\u00f6y k\u0131r\u0131k kavak k\u00f6y\u00fcnden Ali ve Hatice G\u00f6kdemir\u2019in o\u011flu, Hilal ve Hakan Ali G\u00f6kdemir\u2019in babalar\u0131, H\u00fclya \u00d6zkan ve \u00dcmm\u00fchan Keskin\u2019in karde\u015fi, HAKKI G\u00d6KDEM\u0130R vefat etmi\u015ftir. Cenazesi ikindi namaz\u0131n\u0131 m\u00fcteakip k\u0131r\u0131k kavak k\u00f6y\u00fc mezarl\u0131\u011f\u0131na defnedilecektir. Merhuma Allah\u2019tan rahmet ailesine ve yak\u0131nlar\u0131na ba\u015fsa\u011fl\u0131\u011f\u0131 dileriz.<\/p>\n","protected":false},"excerpt":{"rendered":"<p>06.12.2021 PAZARTES\u0130 *** Bal\u0131k\u00f6y k\u0131r\u0131k kavak k\u00f6y\u00fcnden Ali ve Hatice G\u00f6kdemir\u2019in o\u011flu, Hilal ve Hakan Ali G\u00f6kdemir\u2019in babalar\u0131, H\u00fclya \u00d6zkan ve \u00dcmm\u00fchan Keskin\u2019in karde\u015fi, HAKKI G\u00d6KDEM\u0130R vefat etmi\u015ftir. Cenazesi ikindi namaz\u0131n\u0131 m\u00fcteakip k\u0131r\u0131k kavak k\u00f6y\u00fc mezarl\u0131\u011f\u0131na defnedilecektir. Merhuma Allah\u2019tan rahmet ailesine ve yak\u0131nlar\u0131na ba\u015fsa\u011fl\u0131\u011f\u0131 dileriz.<\/p>\n","protected":false},"author":5,"featured_media":0,"comment_status":"closed","ping_status":"","sticky":false,"template":"","format":"standard","meta":[],"categories":[2],"tags":[],"_links":{"self":[{"href":"http:\/\/ilan.tavsanli.bel.tr\/index.php\/wp-json\/wp\/v2\/posts\/2435"}],"collection":[{"href":"http:\/\/ilan.tavsanli.bel.tr\/index.php\/wp-json\/wp\/v2\/posts"}],"about":[{"href":"http:\/\/ilan.tavsanli.bel.tr\/index.php\/wp-json\/wp\/v2\/types\/post"}],"author":[{"embeddable":true,"href":"http:\/\/ilan.tavsanli.bel.tr\/index.php\/wp-json\/wp\/v2\/users\/5"}],"replies":[{"embeddable":true,"href":"http:\/\/ilan.tavsanli.bel.tr\/index.php\/wp-json\/wp\/v2\/comments?post=2435"}],"version-history":[{"count":1,"href":"http:\/\/ilan.tavsanli.bel.tr\/index.php\/wp-json\/wp\/v2\/posts\/2435\/revisions"}],"predecessor-version":[{"id":2436,"href":"http:\/\/ilan.tavsanli.bel.tr\/index.php\/wp-json\/wp\/v2\/posts\/2435\/revisions\/2436"}],"wp:attachment":[{"href":"http:\/\/ilan.tavsanli.bel.tr\/index.php\/wp-json\/wp\/v2\/media?parent=2435"}],"wp:term":[{"taxonomy":"category","embeddable":true,"href":"http:\/\/ilan.tavsanli.bel.tr\/index.php\/wp-json\/wp\/v2\/categories?post=2435"},{"taxonomy":"post_tag","embeddable":true,"href":"http:\/\/ilan.tavsanli.bel.tr\/index.php\/wp-json\/wp\/v2\/tags?post=2435"}],"curies":[{"name":"wp","href":"https:\/\/api.w.org\/{rel}","templated":true}]}}