{"id":2352,"date":"2021-11-23T11:16:37","date_gmt":"2021-11-23T11:16:37","guid":{"rendered":"http:\/\/ilan.tavsanli.bel.tr\/?p=2352"},"modified":"2021-11-23T11:16:37","modified_gmt":"2021-11-23T11:16:37","slug":"2352","status":"publish","type":"post","link":"http:\/\/ilan.tavsanli.bel.tr\/index.php\/2021\/11\/23\/2352\/","title":{"rendered":""},"content":{"rendered":"\n<p><strong>Ba\u015fk\u00f6ylerin G.L.\u0130 emekli i\u015f\u00e7ilerinden Fevzi Ba\u015fk\u00f6y\u2019\u00fcn o\u011flu, Beyza ve Sinan Ba\u015fk\u00f6y\u2019\u00fcn babalar\u0131, Nakliyeci \u0130brahim Kaplan\u2019\u0131n kay\u0131nbiladeri, Hastane emeklisi NUR\u0130 BA\u015eK\u00d6Y Cenazesi ikindi namaz\u0131n\u0131 m\u00fcteakip Tav\u015fanl\u0131 mezarl\u0131\u011f\u0131na defnedilecektir. Merhuma Allah\u2019tan rahmet ailesine ve yak\u0131nlar\u0131na ba\u015fsa\u011fl\u0131\u011f\u0131 dileriz.<\/strong><\/p>\n","protected":false},"excerpt":{"rendered":"<p>Ba\u015fk\u00f6ylerin G.L.\u0130 emekli i\u015f\u00e7ilerinden Fevzi Ba\u015fk\u00f6y\u2019\u00fcn o\u011flu, Beyza ve Sinan Ba\u015fk\u00f6y\u2019\u00fcn babalar\u0131, Nakliyeci \u0130brahim Kaplan\u2019\u0131n kay\u0131nbiladeri, Hastane emeklisi NUR\u0130 BA\u015eK\u00d6Y Cenazesi ikindi namaz\u0131n\u0131 m\u00fcteakip Tav\u015fanl\u0131 mezarl\u0131\u011f\u0131na defnedilecektir. Merhuma Allah\u2019tan rahmet ailesine ve yak\u0131nlar\u0131na ba\u015fsa\u011fl\u0131\u011f\u0131 dileriz.<\/p>\n","protected":false},"author":5,"featured_media":0,"comment_status":"closed","ping_status":"","sticky":false,"template":"","format":"standard","meta":[],"categories":[2],"tags":[],"_links":{"self":[{"href":"http:\/\/ilan.tavsanli.bel.tr\/index.php\/wp-json\/wp\/v2\/posts\/2352"}],"collection":[{"href":"http:\/\/ilan.tavsanli.bel.tr\/index.php\/wp-json\/wp\/v2\/posts"}],"about":[{"href":"http:\/\/ilan.tavsanli.bel.tr\/index.php\/wp-json\/wp\/v2\/types\/post"}],"author":[{"embeddable":true,"href":"http:\/\/ilan.tavsanli.bel.tr\/index.php\/wp-json\/wp\/v2\/users\/5"}],"replies":[{"embeddable":true,"href":"http:\/\/ilan.tavsanli.bel.tr\/index.php\/wp-json\/wp\/v2\/comments?post=2352"}],"version-history":[{"count":1,"href":"http:\/\/ilan.tavsanli.bel.tr\/index.php\/wp-json\/wp\/v2\/posts\/2352\/revisions"}],"predecessor-version":[{"id":2353,"href":"http:\/\/ilan.tavsanli.bel.tr\/index.php\/wp-json\/wp\/v2\/posts\/2352\/revisions\/2353"}],"wp:attachment":[{"href":"http:\/\/ilan.tavsanli.bel.tr\/index.php\/wp-json\/wp\/v2\/media?parent=2352"}],"wp:term":[{"taxonomy":"category","embeddable":true,"href":"http:\/\/ilan.tavsanli.bel.tr\/index.php\/wp-json\/wp\/v2\/categories?post=2352"},{"taxonomy":"post_tag","embeddable":true,"href":"http:\/\/ilan.tavsanli.bel.tr\/index.php\/wp-json\/wp\/v2\/tags?post=2352"}],"curies":[{"name":"wp","href":"https:\/\/api.w.org\/{rel}","templated":true}]}}