{"id":2265,"date":"2021-11-16T05:48:04","date_gmt":"2021-11-16T05:48:04","guid":{"rendered":"http:\/\/ilan.tavsanli.bel.tr\/?p=2265"},"modified":"2021-11-16T05:48:04","modified_gmt":"2021-11-16T05:48:04","slug":"2265","status":"publish","type":"post","link":"http:\/\/ilan.tavsanli.bel.tr\/index.php\/2021\/11\/16\/2265\/","title":{"rendered":""},"content":{"rendered":"\n<p>11.11.2021 PER\u015eEMBE  M\u00fcnir \u00c7etin\u2019in e\u015fi, \u015e\u00fckran Sal\u0131k, Dilek Uslu, Meral Din\u00e7, Ekrem ve Adnan \u00c7etin\u2019in anneleri, \u0130lyas, Adem, Ramazan Alt\u0131nta\u015f ve Fatma Nadiro\u011flu\u2019nun ablas\u0131, ZEHRA \u00c7ET\u0130N vefat etmi\u015ftir. Cenazesi \u00f6\u011fle namaz\u0131n\u0131 m\u00fcteakip karg\u0131l\u0131 k\u00f6y\u00fc mezarl\u0131\u011f\u0131na defnedilecektir. Merhumeye Allah&#8217;tan rahmet ailesine ve yak\u0131nlar\u0131na ba\u015fsa\u011fl\u0131\u011f\u0131 dileriz.<\/p>\n","protected":false},"excerpt":{"rendered":"<p>11.11.2021 PER\u015eEMBE M\u00fcnir \u00c7etin\u2019in e\u015fi, \u015e\u00fckran Sal\u0131k, Dilek Uslu, Meral Din\u00e7, Ekrem ve Adnan \u00c7etin\u2019in anneleri, \u0130lyas, Adem, Ramazan Alt\u0131nta\u015f ve Fatma Nadiro\u011flu\u2019nun ablas\u0131, ZEHRA \u00c7ET\u0130N vefat etmi\u015ftir. Cenazesi \u00f6\u011fle namaz\u0131n\u0131 m\u00fcteakip karg\u0131l\u0131 k\u00f6y\u00fc mezarl\u0131\u011f\u0131na defnedilecektir. Merhumeye Allah&#8217;tan rahmet ailesine ve yak\u0131nlar\u0131na ba\u015fsa\u011fl\u0131\u011f\u0131 dileriz.<\/p>\n","protected":false},"author":5,"featured_media":0,"comment_status":"closed","ping_status":"","sticky":false,"template":"","format":"standard","meta":[],"categories":[2],"tags":[],"_links":{"self":[{"href":"http:\/\/ilan.tavsanli.bel.tr\/index.php\/wp-json\/wp\/v2\/posts\/2265"}],"collection":[{"href":"http:\/\/ilan.tavsanli.bel.tr\/index.php\/wp-json\/wp\/v2\/posts"}],"about":[{"href":"http:\/\/ilan.tavsanli.bel.tr\/index.php\/wp-json\/wp\/v2\/types\/post"}],"author":[{"embeddable":true,"href":"http:\/\/ilan.tavsanli.bel.tr\/index.php\/wp-json\/wp\/v2\/users\/5"}],"replies":[{"embeddable":true,"href":"http:\/\/ilan.tavsanli.bel.tr\/index.php\/wp-json\/wp\/v2\/comments?post=2265"}],"version-history":[{"count":1,"href":"http:\/\/ilan.tavsanli.bel.tr\/index.php\/wp-json\/wp\/v2\/posts\/2265\/revisions"}],"predecessor-version":[{"id":2266,"href":"http:\/\/ilan.tavsanli.bel.tr\/index.php\/wp-json\/wp\/v2\/posts\/2265\/revisions\/2266"}],"wp:attachment":[{"href":"http:\/\/ilan.tavsanli.bel.tr\/index.php\/wp-json\/wp\/v2\/media?parent=2265"}],"wp:term":[{"taxonomy":"category","embeddable":true,"href":"http:\/\/ilan.tavsanli.bel.tr\/index.php\/wp-json\/wp\/v2\/categories?post=2265"},{"taxonomy":"post_tag","embeddable":true,"href":"http:\/\/ilan.tavsanli.bel.tr\/index.php\/wp-json\/wp\/v2\/tags?post=2265"}],"curies":[{"name":"wp","href":"https:\/\/api.w.org\/{rel}","templated":true}]}}