{"id":2227,"date":"2021-11-16T05:39:42","date_gmt":"2021-11-16T05:39:42","guid":{"rendered":"http:\/\/ilan.tavsanli.bel.tr\/?p=2227"},"modified":"2021-11-16T05:39:42","modified_gmt":"2021-11-16T05:39:42","slug":"2227","status":"publish","type":"post","link":"http:\/\/ilan.tavsanli.bel.tr\/index.php\/2021\/11\/16\/2227\/","title":{"rendered":""},"content":{"rendered":"\n<p>06.11.2021 CUMARTES\u0130 \u00c7ardakl\u0131 Mahallesinden Halim \u00d6nol&#8217;un o\u011flu, H\u00fcseyin \u00c7elik&#8217;in damad\u0131, merhum Tuncay \u00d6nol&#8217;un abisi, Ekrem Oral ve Osman G\u00fcl&#8217;\u00fcn kay\u0131npederi, Halim \u00d6nol&#8217;un babas\u0131, sanayi esnaflar\u0131ndan AHMET \u00d6NOL vefat etmi\u015ftir. Cenazesi \u00f6\u011fle namaz\u0131n\u0131 m\u00fcteakip \u00c7ardakl\u0131 Mahallesi mezarl\u0131\u011f\u0131na defnedilecektir. Merhuma Allah&#8217;tan rahmet ailesine ve yak\u0131nlar\u0131na ba\u015fsa\u011fl\u0131\u011f\u0131 dileriz.<\/p>\n","protected":false},"excerpt":{"rendered":"<p>06.11.2021 CUMARTES\u0130 \u00c7ardakl\u0131 Mahallesinden Halim \u00d6nol&#8217;un o\u011flu, H\u00fcseyin \u00c7elik&#8217;in damad\u0131, merhum Tuncay \u00d6nol&#8217;un abisi, Ekrem Oral ve Osman G\u00fcl&#8217;\u00fcn kay\u0131npederi, Halim \u00d6nol&#8217;un babas\u0131, sanayi esnaflar\u0131ndan AHMET \u00d6NOL vefat etmi\u015ftir. Cenazesi \u00f6\u011fle namaz\u0131n\u0131 m\u00fcteakip \u00c7ardakl\u0131 Mahallesi mezarl\u0131\u011f\u0131na defnedilecektir. Merhuma Allah&#8217;tan rahmet ailesine ve yak\u0131nlar\u0131na ba\u015fsa\u011fl\u0131\u011f\u0131 dileriz.<\/p>\n","protected":false},"author":5,"featured_media":0,"comment_status":"closed","ping_status":"","sticky":false,"template":"","format":"standard","meta":[],"categories":[2],"tags":[],"_links":{"self":[{"href":"http:\/\/ilan.tavsanli.bel.tr\/index.php\/wp-json\/wp\/v2\/posts\/2227"}],"collection":[{"href":"http:\/\/ilan.tavsanli.bel.tr\/index.php\/wp-json\/wp\/v2\/posts"}],"about":[{"href":"http:\/\/ilan.tavsanli.bel.tr\/index.php\/wp-json\/wp\/v2\/types\/post"}],"author":[{"embeddable":true,"href":"http:\/\/ilan.tavsanli.bel.tr\/index.php\/wp-json\/wp\/v2\/users\/5"}],"replies":[{"embeddable":true,"href":"http:\/\/ilan.tavsanli.bel.tr\/index.php\/wp-json\/wp\/v2\/comments?post=2227"}],"version-history":[{"count":1,"href":"http:\/\/ilan.tavsanli.bel.tr\/index.php\/wp-json\/wp\/v2\/posts\/2227\/revisions"}],"predecessor-version":[{"id":2228,"href":"http:\/\/ilan.tavsanli.bel.tr\/index.php\/wp-json\/wp\/v2\/posts\/2227\/revisions\/2228"}],"wp:attachment":[{"href":"http:\/\/ilan.tavsanli.bel.tr\/index.php\/wp-json\/wp\/v2\/media?parent=2227"}],"wp:term":[{"taxonomy":"category","embeddable":true,"href":"http:\/\/ilan.tavsanli.bel.tr\/index.php\/wp-json\/wp\/v2\/categories?post=2227"},{"taxonomy":"post_tag","embeddable":true,"href":"http:\/\/ilan.tavsanli.bel.tr\/index.php\/wp-json\/wp\/v2\/tags?post=2227"}],"curies":[{"name":"wp","href":"https:\/\/api.w.org\/{rel}","templated":true}]}}