{"id":2205,"date":"2021-11-16T05:34:44","date_gmt":"2021-11-16T05:34:44","guid":{"rendered":"http:\/\/ilan.tavsanli.bel.tr\/?p=2205"},"modified":"2021-11-16T05:34:44","modified_gmt":"2021-11-16T05:34:44","slug":"2205","status":"publish","type":"post","link":"http:\/\/ilan.tavsanli.bel.tr\/index.php\/2021\/11\/16\/2205\/","title":{"rendered":""},"content":{"rendered":"\n<p>03.11.2021 \u00c7AR\u015eAMBA Termik emekli i\u015f\u00e7ilerinden Ha\u015fim Sorkun\u2019un e\u015fi, Tav\u015fanl\u0131 esnaflar\u0131ndan Rahmi Sorkun\u2019un annesi, Saim ve Baki Sorkun\u2019un karde\u015fi vefat etmi\u015ftir. Cenazesi \u00f6\u011fle namaz\u0131n\u0131 m\u00fcteakip G\u00fcra\u011fa\u00e7 \u00e7\u0131nar mahallesi mezarl\u0131\u011f\u0131na defnedilecektir. Merhumeye Allah&#8217;tan rahmet ailesine ve yak\u0131nlar\u0131na ba\u015fsa\u011fl\u0131\u011f\u0131 dileriz.<\/p>\n","protected":false},"excerpt":{"rendered":"<p>03.11.2021 \u00c7AR\u015eAMBA Termik emekli i\u015f\u00e7ilerinden Ha\u015fim Sorkun\u2019un e\u015fi, Tav\u015fanl\u0131 esnaflar\u0131ndan Rahmi Sorkun\u2019un annesi, Saim ve Baki Sorkun\u2019un karde\u015fi vefat etmi\u015ftir. Cenazesi \u00f6\u011fle namaz\u0131n\u0131 m\u00fcteakip G\u00fcra\u011fa\u00e7 \u00e7\u0131nar mahallesi mezarl\u0131\u011f\u0131na defnedilecektir. Merhumeye Allah&#8217;tan rahmet ailesine ve yak\u0131nlar\u0131na ba\u015fsa\u011fl\u0131\u011f\u0131 dileriz.<\/p>\n","protected":false},"author":5,"featured_media":0,"comment_status":"closed","ping_status":"","sticky":false,"template":"","format":"standard","meta":[],"categories":[2],"tags":[],"_links":{"self":[{"href":"http:\/\/ilan.tavsanli.bel.tr\/index.php\/wp-json\/wp\/v2\/posts\/2205"}],"collection":[{"href":"http:\/\/ilan.tavsanli.bel.tr\/index.php\/wp-json\/wp\/v2\/posts"}],"about":[{"href":"http:\/\/ilan.tavsanli.bel.tr\/index.php\/wp-json\/wp\/v2\/types\/post"}],"author":[{"embeddable":true,"href":"http:\/\/ilan.tavsanli.bel.tr\/index.php\/wp-json\/wp\/v2\/users\/5"}],"replies":[{"embeddable":true,"href":"http:\/\/ilan.tavsanli.bel.tr\/index.php\/wp-json\/wp\/v2\/comments?post=2205"}],"version-history":[{"count":1,"href":"http:\/\/ilan.tavsanli.bel.tr\/index.php\/wp-json\/wp\/v2\/posts\/2205\/revisions"}],"predecessor-version":[{"id":2206,"href":"http:\/\/ilan.tavsanli.bel.tr\/index.php\/wp-json\/wp\/v2\/posts\/2205\/revisions\/2206"}],"wp:attachment":[{"href":"http:\/\/ilan.tavsanli.bel.tr\/index.php\/wp-json\/wp\/v2\/media?parent=2205"}],"wp:term":[{"taxonomy":"category","embeddable":true,"href":"http:\/\/ilan.tavsanli.bel.tr\/index.php\/wp-json\/wp\/v2\/categories?post=2205"},{"taxonomy":"post_tag","embeddable":true,"href":"http:\/\/ilan.tavsanli.bel.tr\/index.php\/wp-json\/wp\/v2\/tags?post=2205"}],"curies":[{"name":"wp","href":"https:\/\/api.w.org\/{rel}","templated":true}]}}