{"id":2199,"date":"2021-11-02T11:21:58","date_gmt":"2021-11-02T11:21:58","guid":{"rendered":"http:\/\/ilan.tavsanli.bel.tr\/?p=2199"},"modified":"2021-11-02T11:21:58","modified_gmt":"2021-11-02T11:21:58","slug":"2199","status":"publish","type":"post","link":"http:\/\/ilan.tavsanli.bel.tr\/index.php\/2021\/11\/02\/2199\/","title":{"rendered":""},"content":{"rendered":"\n<p>Tav\u015fanl\u0131 e\u015fraf\u0131ndan Ali \u00dcftadeo\u011flu\u2019nun e\u015fi, Mehmet Ulu\u00e7ay, Alaattin E\u015fen ve merhum Nihat Boyac\u0131\u2019n\u0131n kay\u0131nvalidesi, Halil \u0130brahim Yumurtac\u0131\u2019n\u0131n ablas\u0131, NAZM\u0130YE \u00dcFTADEO\u011eLU vefat etmi\u015ftir. Cenazesi saat 17:00 da Tav\u015fanl\u0131 mezarl\u0131\u011f\u0131na defnedilecektir. Merhumeye Allah&#8217;tan rahmet ailesi ve yak\u0131nlar\u0131na ba\u015f sa\u011fl\u0131\u011f\u0131 dileriz.<\/p>\n","protected":false},"excerpt":{"rendered":"<p>Tav\u015fanl\u0131 e\u015fraf\u0131ndan Ali \u00dcftadeo\u011flu\u2019nun e\u015fi, Mehmet Ulu\u00e7ay, Alaattin E\u015fen ve merhum Nihat Boyac\u0131\u2019n\u0131n kay\u0131nvalidesi, Halil \u0130brahim Yumurtac\u0131\u2019n\u0131n ablas\u0131, NAZM\u0130YE \u00dcFTADEO\u011eLU vefat etmi\u015ftir. Cenazesi saat 17:00 da Tav\u015fanl\u0131 mezarl\u0131\u011f\u0131na defnedilecektir. Merhumeye Allah&#8217;tan rahmet ailesi ve yak\u0131nlar\u0131na ba\u015f sa\u011fl\u0131\u011f\u0131 dileriz.<\/p>\n","protected":false},"author":5,"featured_media":0,"comment_status":"closed","ping_status":"","sticky":false,"template":"","format":"standard","meta":[],"categories":[2],"tags":[],"_links":{"self":[{"href":"http:\/\/ilan.tavsanli.bel.tr\/index.php\/wp-json\/wp\/v2\/posts\/2199"}],"collection":[{"href":"http:\/\/ilan.tavsanli.bel.tr\/index.php\/wp-json\/wp\/v2\/posts"}],"about":[{"href":"http:\/\/ilan.tavsanli.bel.tr\/index.php\/wp-json\/wp\/v2\/types\/post"}],"author":[{"embeddable":true,"href":"http:\/\/ilan.tavsanli.bel.tr\/index.php\/wp-json\/wp\/v2\/users\/5"}],"replies":[{"embeddable":true,"href":"http:\/\/ilan.tavsanli.bel.tr\/index.php\/wp-json\/wp\/v2\/comments?post=2199"}],"version-history":[{"count":1,"href":"http:\/\/ilan.tavsanli.bel.tr\/index.php\/wp-json\/wp\/v2\/posts\/2199\/revisions"}],"predecessor-version":[{"id":2200,"href":"http:\/\/ilan.tavsanli.bel.tr\/index.php\/wp-json\/wp\/v2\/posts\/2199\/revisions\/2200"}],"wp:attachment":[{"href":"http:\/\/ilan.tavsanli.bel.tr\/index.php\/wp-json\/wp\/v2\/media?parent=2199"}],"wp:term":[{"taxonomy":"category","embeddable":true,"href":"http:\/\/ilan.tavsanli.bel.tr\/index.php\/wp-json\/wp\/v2\/categories?post=2199"},{"taxonomy":"post_tag","embeddable":true,"href":"http:\/\/ilan.tavsanli.bel.tr\/index.php\/wp-json\/wp\/v2\/tags?post=2199"}],"curies":[{"name":"wp","href":"https:\/\/api.w.org\/{rel}","templated":true}]}}