{"id":1993,"date":"2021-09-24T12:57:04","date_gmt":"2021-09-24T12:57:04","guid":{"rendered":"http:\/\/ilan.tavsanli.bel.tr\/?p=1993"},"modified":"2021-09-24T12:58:34","modified_gmt":"2021-09-24T12:58:34","slug":"1993","status":"publish","type":"post","link":"http:\/\/ilan.tavsanli.bel.tr\/index.php\/2021\/09\/24\/1993\/","title":{"rendered":""},"content":{"rendered":"\n<p>24.09.2021 CUMA  Merhum Hasan \u00c7er\u00e7i\u2019nin o\u011flu Yusuf \u00c7er\u00e7i ve Yakup \u015eenyi\u011fit\u2019in babalar\u0131, Tav\u015fanl\u0131 esnaflar\u0131ndan MEHMET \u00c7ER\u00c7\u0130 vefat etmi\u015ftir. Cenazesi saat 11:00 da Tav\u015fanl\u0131 mahallesi mezarl\u0131\u011f\u0131na defnedilecektir. Merhuma Allah\u2019tan rahmet ailesine ve yak\u0131nlar\u0131na ba\u015fsa\u011fl\u0131\u011f\u0131 dileriz.<\/p>\n","protected":false},"excerpt":{"rendered":"<p>24.09.2021 CUMA Merhum Hasan \u00c7er\u00e7i\u2019nin o\u011flu Yusuf \u00c7er\u00e7i ve Yakup \u015eenyi\u011fit\u2019in babalar\u0131, Tav\u015fanl\u0131 esnaflar\u0131ndan MEHMET \u00c7ER\u00c7\u0130 vefat etmi\u015ftir. Cenazesi saat 11:00 da Tav\u015fanl\u0131 mahallesi mezarl\u0131\u011f\u0131na defnedilecektir. Merhuma Allah\u2019tan rahmet ailesine ve yak\u0131nlar\u0131na ba\u015fsa\u011fl\u0131\u011f\u0131 dileriz.<\/p>\n","protected":false},"author":5,"featured_media":0,"comment_status":"closed","ping_status":"closed","sticky":false,"template":"","format":"standard","meta":[],"categories":[2],"tags":[],"_links":{"self":[{"href":"http:\/\/ilan.tavsanli.bel.tr\/index.php\/wp-json\/wp\/v2\/posts\/1993"}],"collection":[{"href":"http:\/\/ilan.tavsanli.bel.tr\/index.php\/wp-json\/wp\/v2\/posts"}],"about":[{"href":"http:\/\/ilan.tavsanli.bel.tr\/index.php\/wp-json\/wp\/v2\/types\/post"}],"author":[{"embeddable":true,"href":"http:\/\/ilan.tavsanli.bel.tr\/index.php\/wp-json\/wp\/v2\/users\/5"}],"replies":[{"embeddable":true,"href":"http:\/\/ilan.tavsanli.bel.tr\/index.php\/wp-json\/wp\/v2\/comments?post=1993"}],"version-history":[{"count":1,"href":"http:\/\/ilan.tavsanli.bel.tr\/index.php\/wp-json\/wp\/v2\/posts\/1993\/revisions"}],"predecessor-version":[{"id":1994,"href":"http:\/\/ilan.tavsanli.bel.tr\/index.php\/wp-json\/wp\/v2\/posts\/1993\/revisions\/1994"}],"wp:attachment":[{"href":"http:\/\/ilan.tavsanli.bel.tr\/index.php\/wp-json\/wp\/v2\/media?parent=1993"}],"wp:term":[{"taxonomy":"category","embeddable":true,"href":"http:\/\/ilan.tavsanli.bel.tr\/index.php\/wp-json\/wp\/v2\/categories?post=1993"},{"taxonomy":"post_tag","embeddable":true,"href":"http:\/\/ilan.tavsanli.bel.tr\/index.php\/wp-json\/wp\/v2\/tags?post=1993"}],"curies":[{"name":"wp","href":"https:\/\/api.w.org\/{rel}","templated":true}]}}