{"id":1976,"date":"2021-09-24T12:51:51","date_gmt":"2021-09-24T12:51:51","guid":{"rendered":"http:\/\/ilan.tavsanli.bel.tr\/?p=1976"},"modified":"2021-09-24T12:59:25","modified_gmt":"2021-09-24T12:59:25","slug":"1976","status":"publish","type":"post","link":"http:\/\/ilan.tavsanli.bel.tr\/index.php\/2021\/09\/24\/1976\/","title":{"rendered":""},"content":{"rendered":"\n<p>21.09.2021 SALI K\u0131\u015flademirli k\u00f6y\u00fcnden merhum Ramazan Kaptan\u2019\u0131n e\u015fi, G.L.\u0130 emekli i\u015f\u00e7ilerinden Ahmet Kaptan\u2019\u0131n annesi, Adem G\u00f6k ve ormanc\u0131 Bekir Zeybek\u2019in kay\u0131nvalidesi AY\u015eE KAPTAN vefat etmi\u015ftir. Cenazesi \u00f6\u011fle namaz\u0131n\u0131 m\u00fcteakip K\u0131\u015flademirli k\u00f6y\u00fc mezarl\u0131\u011f\u0131na defnedilecektir. Merhumeye Allah&#8217;tan rahmet ailesine ve yak\u0131nlar\u0131na ba\u015fsa\u011fl\u0131\u011f\u0131 dileriz.<\/p>\n","protected":false},"excerpt":{"rendered":"<p>21.09.2021 SALI K\u0131\u015flademirli k\u00f6y\u00fcnden merhum Ramazan Kaptan\u2019\u0131n e\u015fi, G.L.\u0130 emekli i\u015f\u00e7ilerinden Ahmet Kaptan\u2019\u0131n annesi, Adem G\u00f6k ve ormanc\u0131 Bekir Zeybek\u2019in kay\u0131nvalidesi AY\u015eE KAPTAN vefat etmi\u015ftir. Cenazesi \u00f6\u011fle namaz\u0131n\u0131 m\u00fcteakip K\u0131\u015flademirli k\u00f6y\u00fc mezarl\u0131\u011f\u0131na defnedilecektir. Merhumeye Allah&#8217;tan rahmet ailesine ve yak\u0131nlar\u0131na ba\u015fsa\u011fl\u0131\u011f\u0131 dileriz.<\/p>\n","protected":false},"author":5,"featured_media":0,"comment_status":"closed","ping_status":"closed","sticky":false,"template":"","format":"standard","meta":[],"categories":[2],"tags":[],"_links":{"self":[{"href":"http:\/\/ilan.tavsanli.bel.tr\/index.php\/wp-json\/wp\/v2\/posts\/1976"}],"collection":[{"href":"http:\/\/ilan.tavsanli.bel.tr\/index.php\/wp-json\/wp\/v2\/posts"}],"about":[{"href":"http:\/\/ilan.tavsanli.bel.tr\/index.php\/wp-json\/wp\/v2\/types\/post"}],"author":[{"embeddable":true,"href":"http:\/\/ilan.tavsanli.bel.tr\/index.php\/wp-json\/wp\/v2\/users\/5"}],"replies":[{"embeddable":true,"href":"http:\/\/ilan.tavsanli.bel.tr\/index.php\/wp-json\/wp\/v2\/comments?post=1976"}],"version-history":[{"count":1,"href":"http:\/\/ilan.tavsanli.bel.tr\/index.php\/wp-json\/wp\/v2\/posts\/1976\/revisions"}],"predecessor-version":[{"id":1977,"href":"http:\/\/ilan.tavsanli.bel.tr\/index.php\/wp-json\/wp\/v2\/posts\/1976\/revisions\/1977"}],"wp:attachment":[{"href":"http:\/\/ilan.tavsanli.bel.tr\/index.php\/wp-json\/wp\/v2\/media?parent=1976"}],"wp:term":[{"taxonomy":"category","embeddable":true,"href":"http:\/\/ilan.tavsanli.bel.tr\/index.php\/wp-json\/wp\/v2\/categories?post=1976"},{"taxonomy":"post_tag","embeddable":true,"href":"http:\/\/ilan.tavsanli.bel.tr\/index.php\/wp-json\/wp\/v2\/tags?post=1976"}],"curies":[{"name":"wp","href":"https:\/\/api.w.org\/{rel}","templated":true}]}}